{"id":147823,"date":"2026-03-27T02:18:37","date_gmt":"2026-03-27T07:18:37","guid":{"rendered":"https:\/\/elinformanteperu.com\/?p=147823"},"modified":"2026-03-27T02:19:27","modified_gmt":"2026-03-27T07:19:27","slug":"fiscalia-abre-investigacion-contra-actriz-celine-aguirre-por-comentarios-racistas-en-tv","status":"publish","type":"post","link":"https:\/\/elinformanteperu.com\/index.php\/2026\/03\/27\/fiscalia-abre-investigacion-contra-actriz-celine-aguirre-por-comentarios-racistas-en-tv\/","title":{"rendered":"Fiscal\u00eda abre investigaci\u00f3n contra actriz Celine Aguirre por comentarios racistas en TV"},"content":{"rendered":"<p><strong><span style=\"color: #000000;\">Durante un juego de charada, la actriz relacion\u00f3 las palabras \u00abgato\u00bb y \u00abChincha\u00bb<\/span><\/strong><\/p>\n<p><span style=\"color: #000000;\"><strong>Lima, 26 de marzo 2026 (ANDINA).<\/strong>&#8211; La Fiscal\u00eda Supraprovincial Especializada en Derechos Humanos (Primer Despacho) inici\u00f3 una investigaci\u00f3n preliminar contra Celine Aguirre tras la difusi\u00f3n de un video en el que se le escucha hacer comentarios de car\u00e1cter racista en agravio de la poblaci\u00f3n afroperuana, durante un programa de televisi\u00f3n en el que la actriz participa.<\/span><\/p>\n<p><span style=\"color: #000000;\">El fiscal provincial Luis Valdivia dispuso la realizaci\u00f3n de una pericia psicol\u00f3gica a la investigada, as\u00ed como la toma de declaraciones al representante del medio donde se emitieron las expresiones y a otros testigos. Adem\u00e1s, se ordenaron diligencias urgentes para esclarecer los hechos.<\/span><\/p>\n<p><span style=\"color: #000000;\">El caso se origin\u00f3 en uno de los recientes episodios del reality La Granja Vip, propalado por Panamericana Televisi\u00f3n, en el que los participantes realizaban un juego de charadas. Durante la din\u00e1mica se mencionaron las palabras \u201cChincha\u201d y \u201cgato\u201d, lo que gener\u00f3 que la actriz realizara comentarios considerados ofensivos hacia la poblaci\u00f3n afroperuana.<\/span><\/p>\n<p><span style=\"color: #000000;\">Tras este momento inc\u00f3modo, la producci\u00f3n del programa interrumpi\u00f3 el audio y cambi\u00f3 la toma de c\u00e1maras, adem\u00e1s de suspender la transmisi\u00f3n en la plataforma YouTube. Sin embargo, el video se viraliz\u00f3 en redes sociales, generando rechazo e indignaci\u00f3n entre los usuarios.<\/span><\/p>\n<p><strong><span style=\"color: #000000;\">Celine Aguirre pide disculpas<\/span><\/strong><\/p>\n<p><span style=\"color: #000000;\">A trav\u00e9s de sus redes sociales, Celine Aguirre difundi\u00f3 un comunicado en el que ofreci\u00f3 disculpas p\u00fablicas por lo ocurrido. \u00abNo fue mi intenci\u00f3n ofender ni faltar el respeto; sin embargo, entiendo que mis palabras fueron inapropiadas y asumo la responsabilidad\u00bb, subray\u00f3.<\/span><\/p>\n<p><span style=\"color: #000000;\">Tras la pol\u00e9mica, los conductores del programa de televisi\u00f3n informaron la salida de la participante del reality debido a problemas de salud. Mientras tanto, el Ministerio P\u00fablico continuar\u00e1 con las investigaciones para determinar las responsabilidades en el caso.<\/span><\/p>\n<blockquote class=\"twitter-tweet\">\n<p dir=\"ltr\" lang=\"es\">\ud83d\udea8 <a href=\"https:\/\/twitter.com\/hashtag\/Lo%C3%9Altimo?src=hash&amp;ref_src=twsrc%5Etfw\">#Lo\u00daltimo<\/a> | Fiscal\u00eda Supraprovincial Especializada en Derechos Humanos (Primer Despacho) inici\u00f3 investigaci\u00f3n preliminar a Celine Aguirre por el delito de discriminaci\u00f3n en agravio de la poblaci\u00f3n afroperuana, por realizar comentarios racistas en un programa de televisi\u00f3n. <a href=\"https:\/\/t.co\/HYl2YYANeJ\">pic.twitter.com\/HYl2YYANeJ<\/a><\/p>\n<p>\u2014 Ministerio P\u00fablico (@FiscaliaPeru) <a href=\"https:\/\/twitter.com\/FiscaliaPeru\/status\/2037273891173704181?ref_src=twsrc%5Etfw\">March 26, 2026<\/a><\/p><\/blockquote>\n<p><script async src=\"https:\/\/platform.twitter.com\/widgets.js\" charset=\"utf-8\"><\/script><\/p>\n","protected":false},"excerpt":{"rendered":"<p>Durante un juego de charada, la actriz relacion\u00f3 las palabras \u00abgato\u00bb y \u00abChincha\u00bb Lima, 26 de marzo 2026 (ANDINA).&#8211; La Fiscal\u00eda Supraprovincial Especializada en Derechos Humanos (Primer Despacho) inici\u00f3 una investigaci\u00f3n preliminar contra Celine Aguirre tras la difusi\u00f3n de un video en el que se le escucha hacer comentarios de car\u00e1cter racista en agravio de [&hellip;]<\/p>\n","protected":false},"author":1,"featured_media":147824,"comment_status":"closed","ping_status":"closed","sticky":false,"template":"","format":"standard","meta":{"rop_custom_images_group":[],"rop_custom_messages_group":[],"rop_publish_now":"initial","rop_publish_now_accounts":[],"rop_publish_now_history":[],"rop_publish_now_status":"pending","footnotes":""},"categories":[10,70,5745],"tags":[8787,8019],"class_list":["post-147823","post","type-post","status-publish","format-standard","has-post-thumbnail","hentry","category-actualidad-municipal","category-farandula","category-lo-ultimo","tag-celine-aguirre","tag-discriminacion"],"_links":{"self":[{"href":"https:\/\/elinformanteperu.com\/index.php\/wp-json\/wp\/v2\/posts\/147823","targetHints":{"allow":["GET"]}}],"collection":[{"href":"https:\/\/elinformanteperu.com\/index.php\/wp-json\/wp\/v2\/posts"}],"about":[{"href":"https:\/\/elinformanteperu.com\/index.php\/wp-json\/wp\/v2\/types\/post"}],"author":[{"embeddable":true,"href":"https:\/\/elinformanteperu.com\/index.php\/wp-json\/wp\/v2\/users\/1"}],"replies":[{"embeddable":true,"href":"https:\/\/elinformanteperu.com\/index.php\/wp-json\/wp\/v2\/comments?post=147823"}],"version-history":[{"count":1,"href":"https:\/\/elinformanteperu.com\/index.php\/wp-json\/wp\/v2\/posts\/147823\/revisions"}],"predecessor-version":[{"id":147825,"href":"https:\/\/elinformanteperu.com\/index.php\/wp-json\/wp\/v2\/posts\/147823\/revisions\/147825"}],"wp:featuredmedia":[{"embeddable":true,"href":"https:\/\/elinformanteperu.com\/index.php\/wp-json\/wp\/v2\/media\/147824"}],"wp:attachment":[{"href":"https:\/\/elinformanteperu.com\/index.php\/wp-json\/wp\/v2\/media?parent=147823"}],"wp:term":[{"taxonomy":"category","embeddable":true,"href":"https:\/\/elinformanteperu.com\/index.php\/wp-json\/wp\/v2\/categories?post=147823"},{"taxonomy":"post_tag","embeddable":true,"href":"https:\/\/elinformanteperu.com\/index.php\/wp-json\/wp\/v2\/tags?post=147823"}],"curies":[{"name":"wp","href":"https:\/\/api.w.org\/{rel}","templated":true}]}}