{"id":147765,"date":"2026-03-26T01:49:48","date_gmt":"2026-03-26T06:49:48","guid":{"rendered":"https:\/\/elinformanteperu.com\/?p=147765"},"modified":"2026-03-26T01:49:48","modified_gmt":"2026-03-26T06:49:48","slug":"alianza-lima-confirmo-lesion-que-sufrio-esteban-pavez-en-ultimo-partido-ante-juan-pablo-ii","status":"publish","type":"post","link":"https:\/\/elinformanteperu.com\/index.php\/2026\/03\/26\/alianza-lima-confirmo-lesion-que-sufrio-esteban-pavez-en-ultimo-partido-ante-juan-pablo-ii\/","title":{"rendered":"Alianza Lima confirm\u00f3 lesi\u00f3n que sufri\u00f3 Esteban Pavez en \u00faltimo partido ante Juan Pablo II"},"content":{"rendered":"<p><strong><span style=\"color: #000000;\">El chileno no pudo terminar el partido ante el cuadro de Chongoyape en la \u00faltima fecha del Torneo Apertura.<\/span><\/strong><\/p>\n<p><span style=\"color: #000000;\"><strong>Lima, 25 de marzo 2026 (ANDINA).-<\/strong> Alianza Lima inform\u00f3 la lesi\u00f3n que sufri\u00f3 el futbolista chileno Esteban Pavez, quien presenta un desgarro en el m\u00fasculo recto femoral derecho, por lo cual no pudo completar los 90 minutos ante Juan Pablo II.<\/span><\/p>\n<p><span style=\"color: #000000;\">El \u00faltimo s\u00e1bado, Alianza Lima volvi\u00f3 a hacerse fuerte en Matute y consigui\u00f3 sacar los tres puntos ante Juan Pablo II (2-0), lo cual le permiti\u00f3 colocarse como \u00fanico puntero del Torneo Apertura con 20 puntos, ya que posee una mejor diferencia de goles que Los Chankas.<\/span><\/p>\n<p><span style=\"color: #000000;\">Sin embargo, no todo fue felicidad en aquel compromiso para los \u00edntimos, ya que ese partido dej\u00f3 un elemento ca\u00eddo: Esteban Pavez. El volante chileno sufri\u00f3 una lesi\u00f3n y tuvo que ser reemplazado por Jean Pierre Archimbaud a los 69 minutos.<\/span><\/p>\n<p><span style=\"color: #000000;\">Luego de unos d\u00edas, finalmente Alianza Lima emiti\u00f3 un comunicado donde confirm\u00f3 la lesi\u00f3n del &#8216;mapochino&#8217;, donde \u00abluego de los ex\u00e1menes m\u00e9dicos realizados, los resultados arrojaron que nuestro jugador tiene un desgarro en el m\u00fasculo recto femoral derecho\u00bb, inform\u00f3 el cuadro de La Victoria.<\/span><\/p>\n<p><span style=\"color: #000000;\">\u00abEl deportista iniciar\u00e1 con las sesiones de rehabilitaci\u00f3n bajo la supervisi\u00f3n del departamento m\u00e9dico. La instituci\u00f3n brindar\u00e1 informaci\u00f3n oportuna sobre su evoluci\u00f3n\u00bb, agreg\u00f3 Alianza Lima en el comunicado.<\/span><\/p>\n<p><span style=\"color: #000000;\">De esta manera, no se conoce una fecha exacta para que Pavez est\u00e9 100% recuperado, por lo cual es una inc\u00f3gnita saber si podr\u00e1 ser tomado en cuenta por Pablo Guede para el cl\u00e1sico de la fecha 9, ante Universitario de Deportes, el pr\u00f3ximo s\u00e1bado 4 de abril, a las 20:00 horas, en el Estadio Monumental de Ate.<\/span><\/p>\n<blockquote class=\"twitter-tweet\">\n<p dir=\"ltr\" lang=\"es\">\ud835\udc0f\ud835\udc1a\ud835\udc2b\ud835\udc2d\ud835\udc1e \ud835\udc0c\ud835\udc1e\u0301\ud835\udc1d\ud835\udc22\ud835\udc1c\ud835\udc28. \ud83e\ude7a <a href=\"https:\/\/t.co\/lsiYRAAqWk\">pic.twitter.com\/lsiYRAAqWk<\/a><\/p>\n<p>\u2014 Club Alianza Lima (@ClubALoficial) <a href=\"https:\/\/twitter.com\/ClubALoficial\/status\/2036910406262759569?ref_src=twsrc%5Etfw\">March 25, 2026<\/a><\/p><\/blockquote>\n<p><script async src=\"https:\/\/platform.twitter.com\/widgets.js\" charset=\"utf-8\"><\/script><\/p>\n","protected":false},"excerpt":{"rendered":"<p>El chileno no pudo terminar el partido ante el cuadro de Chongoyape en la \u00faltima fecha del Torneo Apertura. Lima, 25 de marzo 2026 (ANDINA).- Alianza Lima inform\u00f3 la lesi\u00f3n que sufri\u00f3 el futbolista chileno Esteban Pavez, quien presenta un desgarro en el m\u00fasculo recto femoral derecho, por lo cual no pudo completar los 90 [&hellip;]<\/p>\n","protected":false},"author":1,"featured_media":147766,"comment_status":"closed","ping_status":"closed","sticky":false,"template":"","format":"standard","meta":{"rop_custom_images_group":[],"rop_custom_messages_group":[],"rop_publish_now":"initial","rop_publish_now_accounts":[],"rop_publish_now_history":[],"rop_publish_now_status":"pending","footnotes":""},"categories":[8],"tags":[8690,8727],"class_list":["post-147765","post","type-post","status-publish","format-standard","has-post-thumbnail","hentry","category-disciplinas-deportivas","tag-alianza-lima-2026","tag-esteban-pavez"],"_links":{"self":[{"href":"https:\/\/elinformanteperu.com\/index.php\/wp-json\/wp\/v2\/posts\/147765","targetHints":{"allow":["GET"]}}],"collection":[{"href":"https:\/\/elinformanteperu.com\/index.php\/wp-json\/wp\/v2\/posts"}],"about":[{"href":"https:\/\/elinformanteperu.com\/index.php\/wp-json\/wp\/v2\/types\/post"}],"author":[{"embeddable":true,"href":"https:\/\/elinformanteperu.com\/index.php\/wp-json\/wp\/v2\/users\/1"}],"replies":[{"embeddable":true,"href":"https:\/\/elinformanteperu.com\/index.php\/wp-json\/wp\/v2\/comments?post=147765"}],"version-history":[{"count":1,"href":"https:\/\/elinformanteperu.com\/index.php\/wp-json\/wp\/v2\/posts\/147765\/revisions"}],"predecessor-version":[{"id":147767,"href":"https:\/\/elinformanteperu.com\/index.php\/wp-json\/wp\/v2\/posts\/147765\/revisions\/147767"}],"wp:featuredmedia":[{"embeddable":true,"href":"https:\/\/elinformanteperu.com\/index.php\/wp-json\/wp\/v2\/media\/147766"}],"wp:attachment":[{"href":"https:\/\/elinformanteperu.com\/index.php\/wp-json\/wp\/v2\/media?parent=147765"}],"wp:term":[{"taxonomy":"category","embeddable":true,"href":"https:\/\/elinformanteperu.com\/index.php\/wp-json\/wp\/v2\/categories?post=147765"},{"taxonomy":"post_tag","embeddable":true,"href":"https:\/\/elinformanteperu.com\/index.php\/wp-json\/wp\/v2\/tags?post=147765"}],"curies":[{"name":"wp","href":"https:\/\/api.w.org\/{rel}","templated":true}]}}