{"id":147758,"date":"2026-03-25T23:56:56","date_gmt":"2026-03-26T04:56:56","guid":{"rendered":"https:\/\/elinformanteperu.com\/?p=147758"},"modified":"2026-03-25T23:56:56","modified_gmt":"2026-03-26T04:56:56","slug":"lucia-de-la-cruz-internada-de-emergencia-y-estado-de-salud-es-reservado","status":"publish","type":"post","link":"https:\/\/elinformanteperu.com\/index.php\/2026\/03\/25\/lucia-de-la-cruz-internada-de-emergencia-y-estado-de-salud-es-reservado\/","title":{"rendered":"Luc\u00eda de la Cruz internada de emergencia y estado de salud es reservado"},"content":{"rendered":"<p><span style=\"color: #000000;\"><strong>Lima, 25 de marzo 2026 (ANDINA).<\/strong>&#8211; La int\u00e9rprete criolla Luc\u00eda de la Cruz fue internada de emergencia tras sufrir una serie de complicaciones en su salud, a pocos d\u00edas de celebrar sus m\u00e1s de seis d\u00e9cadas sobre los escenarios.<\/span><\/p>\n<p><span style=\"color: #000000;\">La artista sufri\u00f3 una descompensaci\u00f3n que la llev\u00f3 a ser internada en un centro m\u00e9dico cercano a su domicilio en Chorrillos, donde actualmente se encuentra en permanente observaci\u00f3n por los galenos.<\/span><\/p>\n<p><span style=\"color: #000000;\">Como se sabe, la figura del criollismo sufre de diabetes, enfermedad que le fue diagnosticado a\u00f1os atr\u00e1s; que no impidi\u00f3 que realizara sus actividades art\u00edsticas.<\/span><\/p>\n<p><span style=\"color: #000000;\">De hecho brind\u00f3 una conferencia de prensa hace apenas dos d\u00edas atr\u00e1s para brindar detalles de una gran presentaci\u00f3n que ten\u00eda prevista para este s\u00e1bado; lo que la llev\u00f3 incluso a visitar diversos espacios televisivos donde fue entrevistada acerca de su trayectoria.<\/span><\/p>\n<p><span style=\"color: #000000;\">Familiares de Luc\u00eda permanecen a su lado en estos momentos esperando la evoluci\u00f3n m\u00e9dica, tras trasladarla de emergencia v\u00edctima de una descompensaci\u00f3n que a\u00fan no se precisa la causa ni motivo.<\/span><\/p>\n<p><span style=\"color: #000000;\">Actualmente se encuentra en reposo absoluto y descansando; tras descartarse haya sufrido un derrame cerebral como se especul\u00f3 en un inicio al ingresar al nosocomio.<\/span><\/p>\n<p><a href=\"https:\/\/elinformanteperu.com\/wp-content\/uploads\/2026\/03\/Lucia-de-la-Cruz1.jpg\"><img fetchpriority=\"high\" decoding=\"async\" class=\"size-full wp-image-147760 aligncenter\" src=\"https:\/\/elinformanteperu.com\/wp-content\/uploads\/2026\/03\/Lucia-de-la-Cruz1.jpg\" alt=\"\" width=\"1000\" height=\"550\" srcset=\"https:\/\/elinformanteperu.com\/wp-content\/uploads\/2026\/03\/Lucia-de-la-Cruz1.jpg 1000w, https:\/\/elinformanteperu.com\/wp-content\/uploads\/2026\/03\/Lucia-de-la-Cruz1-300x165.jpg 300w, https:\/\/elinformanteperu.com\/wp-content\/uploads\/2026\/03\/Lucia-de-la-Cruz1-768x422.jpg 768w\" sizes=\"(max-width: 1000px) 100vw, 1000px\" \/><\/a><\/p>\n<p>&nbsp;<\/p>\n","protected":false},"excerpt":{"rendered":"<p>Lima, 25 de marzo 2026 (ANDINA).&#8211; La int\u00e9rprete criolla Luc\u00eda de la Cruz fue internada de emergencia tras sufrir una serie de complicaciones en su salud, a pocos d\u00edas de celebrar sus m\u00e1s de seis d\u00e9cadas sobre los escenarios. La artista sufri\u00f3 una descompensaci\u00f3n que la llev\u00f3 a ser internada en un centro m\u00e9dico cercano [&hellip;]<\/p>\n","protected":false},"author":1,"featured_media":147759,"comment_status":"closed","ping_status":"closed","sticky":false,"template":"","format":"standard","meta":{"rop_custom_images_group":[],"rop_custom_messages_group":[],"rop_publish_now":"initial","rop_publish_now_accounts":[],"rop_publish_now_history":[],"rop_publish_now_status":"pending","footnotes":""},"categories":[69],"tags":[8327],"class_list":["post-147758","post","type-post","status-publish","format-standard","has-post-thumbnail","hentry","category-musica","tag-lucia-de-la-cruz"],"_links":{"self":[{"href":"https:\/\/elinformanteperu.com\/index.php\/wp-json\/wp\/v2\/posts\/147758","targetHints":{"allow":["GET"]}}],"collection":[{"href":"https:\/\/elinformanteperu.com\/index.php\/wp-json\/wp\/v2\/posts"}],"about":[{"href":"https:\/\/elinformanteperu.com\/index.php\/wp-json\/wp\/v2\/types\/post"}],"author":[{"embeddable":true,"href":"https:\/\/elinformanteperu.com\/index.php\/wp-json\/wp\/v2\/users\/1"}],"replies":[{"embeddable":true,"href":"https:\/\/elinformanteperu.com\/index.php\/wp-json\/wp\/v2\/comments?post=147758"}],"version-history":[{"count":1,"href":"https:\/\/elinformanteperu.com\/index.php\/wp-json\/wp\/v2\/posts\/147758\/revisions"}],"predecessor-version":[{"id":147761,"href":"https:\/\/elinformanteperu.com\/index.php\/wp-json\/wp\/v2\/posts\/147758\/revisions\/147761"}],"wp:featuredmedia":[{"embeddable":true,"href":"https:\/\/elinformanteperu.com\/index.php\/wp-json\/wp\/v2\/media\/147759"}],"wp:attachment":[{"href":"https:\/\/elinformanteperu.com\/index.php\/wp-json\/wp\/v2\/media?parent=147758"}],"wp:term":[{"taxonomy":"category","embeddable":true,"href":"https:\/\/elinformanteperu.com\/index.php\/wp-json\/wp\/v2\/categories?post=147758"},{"taxonomy":"post_tag","embeddable":true,"href":"https:\/\/elinformanteperu.com\/index.php\/wp-json\/wp\/v2\/tags?post=147758"}],"curies":[{"name":"wp","href":"https:\/\/api.w.org\/{rel}","templated":true}]}}