{"id":147755,"date":"2026-03-25T23:52:29","date_gmt":"2026-03-26T04:52:29","guid":{"rendered":"https:\/\/elinformanteperu.com\/?p=147755"},"modified":"2026-03-25T23:52:29","modified_gmt":"2026-03-26T04:52:29","slug":"inicia-el-rodaje-de-la-comedia-peruana-amigo-por-ahi-no-es","status":"publish","type":"post","link":"https:\/\/elinformanteperu.com\/index.php\/2026\/03\/25\/inicia-el-rodaje-de-la-comedia-peruana-amigo-por-ahi-no-es\/","title":{"rendered":"Inicia el rodaje de la comedia peruana \u00abAmigo, por ah\u00ed no es\u00bb"},"content":{"rendered":"<p><strong><span style=\"color: #000000;\">Miranda Capurro, Jassir Yunis y Mathias Spitzer viajaron a Chincha y Paracas<\/span><\/strong><\/p>\n<p><span style=\"color: #000000;\"><strong>Lima, 25 de marzo 2026 (ANDINA).-<\/strong> Se inici\u00f3 el rodaje de la comedia \u00abAmigo, por ah\u00ed no es\u00bb, del director Gino Tassara. El elenco completo, encabezado por la popular influencer, modelo y cantante, Miranda Capurro, y los j\u00f3venes actores Math\u00edas Spitzer y Jassir Yunis, se trasladaron al sur de Lima para grabar en locaciones de Azpitia, Chincha y Paracas.<\/span><\/p>\n<p><span style=\"color: #000000;\">Adem\u00e1s, se confirm\u00f3 la fecha de estreno oficial de esta pel\u00edcula peruana que ser\u00e1 este 1 de octubre en todos los cines nacionales.<\/span><\/p>\n<p><span style=\"color: #000000;\">Gino Tassara, tambi\u00e9n guionista de la cinta junto a Karla Velezmoro, se mostr\u00f3 emocionado de grabar su primera comedia peruana y satisfecho de las actuaciones de sus protagonistas.<\/span><\/p>\n<p><span style=\"color: #000000;\">\u201cCreo que estos chicos van a demostrar su talento en la actuaci\u00f3n porque Jassir y Mathias tienen ya experiencia en pel\u00edculas. Y estoy seguro que Miranda va a dar la gran sorpresa. Ella Tiene mucho potencial, es su debut en el cine pero tiene un gran futuro como actriz\u201d, expres\u00f3 el director de cintas como \u2018Utop\u00eda, la pel\u00edcula\u2019, \u2018Aislados, la serie\u2019 y \u2018Reinas sin corona\u2019.<\/span><\/p>\n<p><span style=\"color: #000000;\">Por su parte, Miranda no pudo ocultar su emoci\u00f3n por rodar su primera pel\u00edcula. \u201cEs emocionante compartir con todos los actorazos del elenco. De hecho, estoy en modo esponjita aprendiendo un mont\u00f3n desde que casteamos hasta los talleres que hemos hecho con Gino. Estoy emocionada por el estreno de este 1 de octubre\u201d, manifest\u00f3.<\/span><\/p>\n<p><span style=\"color: #000000;\">En tanto, Jassir Yunis, quien estuvo en \u2018Utop\u00eda, la pel\u00edcula\u2019 y \u2018Aislados, la serie\u2019, se\u00f1al\u00f3 que tiene una carga m\u00e1s pesada en la cinta por sus lazos familiares con Tassara. \u201cTengo que trabajar el triple por ser el hijo del director. Tenemos meses ensayando para hacer un buen papel en la pel\u00edcula\u201d, dijo el joven actor que grab\u00f3 con Lucho Llosa una cinta de terror que a\u00fan no se estrena.<\/span><\/p>\n<p><span style=\"color: #000000;\">Finalmente, Math\u00edas Spitzer reafirm\u00f3 que se est\u00e1 dando al cien por ciento para su personaje. \u201cTodo el elenco ha logrado una gran qu\u00edmica en los ensayos y siento que eso va a quedar demostrado en la pel\u00edcula este 1 de octubre.\u201d, coment\u00f3 el recordado actor de \u201cAl fondo hay sitio\u201d y la pel\u00edcula \u201cUn mundo para Julius\u201d basado en el libro del reci\u00e9n fallecido actor peruano Alfredo Bryce Echenique.<\/span><\/p>\n<p><a href=\"https:\/\/elinformanteperu.com\/wp-content\/uploads\/2024\/05\/Cinemark-Trujillo1.jpg\"><img fetchpriority=\"high\" decoding=\"async\" class=\"size-full wp-image-121354 aligncenter\" src=\"https:\/\/elinformanteperu.com\/wp-content\/uploads\/2024\/05\/Cinemark-Trujillo1.jpg\" alt=\"\" width=\"790\" height=\"528\" srcset=\"https:\/\/elinformanteperu.com\/wp-content\/uploads\/2024\/05\/Cinemark-Trujillo1.jpg 790w, https:\/\/elinformanteperu.com\/wp-content\/uploads\/2024\/05\/Cinemark-Trujillo1-300x201.jpg 300w, https:\/\/elinformanteperu.com\/wp-content\/uploads\/2024\/05\/Cinemark-Trujillo1-768x513.jpg 768w\" sizes=\"(max-width: 790px) 100vw, 790px\" \/><\/a><\/p>\n","protected":false},"excerpt":{"rendered":"<p>Miranda Capurro, Jassir Yunis y Mathias Spitzer viajaron a Chincha y Paracas Lima, 25 de marzo 2026 (ANDINA).- Se inici\u00f3 el rodaje de la comedia \u00abAmigo, por ah\u00ed no es\u00bb, del director Gino Tassara. El elenco completo, encabezado por la popular influencer, modelo y cantante, Miranda Capurro, y los j\u00f3venes actores Math\u00edas Spitzer y Jassir [&hellip;]<\/p>\n","protected":false},"author":1,"featured_media":147756,"comment_status":"closed","ping_status":"closed","sticky":false,"template":"","format":"standard","meta":{"rop_custom_images_group":[],"rop_custom_messages_group":[],"rop_publish_now":"initial","rop_publish_now_accounts":[],"rop_publish_now_history":[],"rop_publish_now_status":"pending","footnotes":""},"categories":[7],"tags":[1626],"class_list":["post-147755","post","type-post","status-publish","format-standard","has-post-thumbnail","hentry","category-butaca","tag-cine-peruano"],"_links":{"self":[{"href":"https:\/\/elinformanteperu.com\/index.php\/wp-json\/wp\/v2\/posts\/147755","targetHints":{"allow":["GET"]}}],"collection":[{"href":"https:\/\/elinformanteperu.com\/index.php\/wp-json\/wp\/v2\/posts"}],"about":[{"href":"https:\/\/elinformanteperu.com\/index.php\/wp-json\/wp\/v2\/types\/post"}],"author":[{"embeddable":true,"href":"https:\/\/elinformanteperu.com\/index.php\/wp-json\/wp\/v2\/users\/1"}],"replies":[{"embeddable":true,"href":"https:\/\/elinformanteperu.com\/index.php\/wp-json\/wp\/v2\/comments?post=147755"}],"version-history":[{"count":1,"href":"https:\/\/elinformanteperu.com\/index.php\/wp-json\/wp\/v2\/posts\/147755\/revisions"}],"predecessor-version":[{"id":147757,"href":"https:\/\/elinformanteperu.com\/index.php\/wp-json\/wp\/v2\/posts\/147755\/revisions\/147757"}],"wp:featuredmedia":[{"embeddable":true,"href":"https:\/\/elinformanteperu.com\/index.php\/wp-json\/wp\/v2\/media\/147756"}],"wp:attachment":[{"href":"https:\/\/elinformanteperu.com\/index.php\/wp-json\/wp\/v2\/media?parent=147755"}],"wp:term":[{"taxonomy":"category","embeddable":true,"href":"https:\/\/elinformanteperu.com\/index.php\/wp-json\/wp\/v2\/categories?post=147755"},{"taxonomy":"post_tag","embeddable":true,"href":"https:\/\/elinformanteperu.com\/index.php\/wp-json\/wp\/v2\/tags?post=147755"}],"curies":[{"name":"wp","href":"https:\/\/api.w.org\/{rel}","templated":true}]}}