{"id":147708,"date":"2026-03-19T00:06:39","date_gmt":"2026-03-19T05:06:39","guid":{"rendered":"https:\/\/elinformanteperu.com\/?p=147708"},"modified":"2026-03-19T00:06:39","modified_gmt":"2026-03-19T05:06:39","slug":"jorge-drexler-y-su-esperado-disco-taraca","status":"publish","type":"post","link":"https:\/\/elinformanteperu.com\/index.php\/2026\/03\/19\/jorge-drexler-y-su-esperado-disco-taraca\/","title":{"rendered":"Jorge Drexler y su esperado disco Tarac\u00e1"},"content":{"rendered":"<p><span style=\"color: #000000;\"><strong>Lima, 18 de marzo 2026 (ANDINA).-<\/strong> Con m\u00e1s de tres d\u00e9cadas de trayectoria, Drexler ha construido una obra s\u00f3lida y singular dentro del panorama musical internacional. A lo largo de su carrera ha publicado quince discos de estudio y ha llevado su m\u00fasica a escenarios de todo el mundo, consolidando una propuesta art\u00edstica marcada por la curiosidad, la experimentaci\u00f3n y una profunda sensibilidad po\u00e9tica.<\/span><\/p>\n<p><span style=\"color: #000000;\">Su multi galardonada obra se caracteriza por ser un di\u00e1logo constante entre m\u00fasica, literatura y conocimiento, con letras que transitan con naturalidad entre la poes\u00eda y la ciencia. Apasionado de la palabra \u2014y de la d\u00e9cima\u2014 Drexler ha desarrollado un lenguaje propio que explora las emociones mientras busca tender puentes entre culturas y sociedades, apelando a la empat\u00eda y a los v\u00ednculos que nos conectan.<\/span><\/p>\n<p><span style=\"color: #000000;\">En este momento especialmente f\u00e9rtil de su carrera, el artista comparte hoy con el p\u00fablico \u201cTarac\u00e1\u201d, un \u00e1lbum que propone un nuevo cap\u00edtulo en su trayectoria creativa.<\/span><\/p>\n<p><span style=\"color: #000000;\">El disco se presenta como un trabajo de puentes: generacionales y geogr\u00e1ficos, estil\u00edsticos y temporales, concretos y simb\u00f3licos. Uruguay, Puerto Rico y Espa\u00f1a son los v\u00e9rtices de esta triada.<\/span><\/p>\n<p><span style=\"color: #000000;\">Con la clave del candombe uruguayo como hilo conductor y transversal, Drexler presenta once cortes bellos, sonoros, frondosos, con la letra y el tambor como principales protagonistas en la mayor\u00eda de canciones.<\/span><\/p>\n<p><span style=\"color: #000000;\">\u201cTarac\u00e1\u201d, cuyo t\u00edtulo es una af\u00e9resis de \u201cestar ac\u00e1\u201d -y un juego con el ritmo del tambor chico- funciona tambi\u00e9n como una comunidad musical, que invita a la mesa a la Rueda de Candombe, el artista Am\u00e9rico Young, la murga Falta y Resto, la rapera puertorrique\u00f1a Young Miko, el guitarrista Julio Cobeli y la cantaora de flamenco \u00c1ngeles Toledano.<\/span><\/p>\n<p><span style=\"color: #000000;\">A trav\u00e9s de estas colaboraciones, el disco se convierte en un abanico de patrimonio musical que dialoga con distintos or\u00edgenes y miradas art\u00edsticas. Un pantone que completa la producci\u00f3n de Lucas Piedra Cueva, Mauro, Tadu V\u00e1zquez, Gabo Lugo, Facundo Balta y el propio Drexler. Mezclado por Carles \u201cCampi\u201d Camp\u00f3n y masterizado por Fred Kevorkian.<\/span><\/p>\n<p><span style=\"color: #000000;\">El nuevo \u00e1lbum de Jorge Drexler ya est\u00e1 disponible en todas las plataformas. La gira de presentaci\u00f3n ya tiene fechas confirmadas en Argentina, Chile, Brasil, Uruguay y Espa\u00f1a, con las entradas a la venta en <strong>www.jorgedrexler.com<\/strong><\/span><\/p>\n","protected":false},"excerpt":{"rendered":"<p>Lima, 18 de marzo 2026 (ANDINA).- Con m\u00e1s de tres d\u00e9cadas de trayectoria, Drexler ha construido una obra s\u00f3lida y singular dentro del panorama musical internacional. A lo largo de su carrera ha publicado quince discos de estudio y ha llevado su m\u00fasica a escenarios de todo el mundo, consolidando una propuesta art\u00edstica marcada por [&hellip;]<\/p>\n","protected":false},"author":1,"featured_media":147709,"comment_status":"closed","ping_status":"closed","sticky":false,"template":"","format":"standard","meta":{"rop_custom_images_group":[],"rop_custom_messages_group":[],"rop_publish_now":"initial","rop_publish_now_accounts":[],"rop_publish_now_history":[],"rop_publish_now_status":"pending","footnotes":""},"categories":[69],"tags":[6263,8643,8783],"class_list":["post-147708","post","type-post","status-publish","format-standard","has-post-thumbnail","hentry","category-musica","tag-conciertos","tag-conciertos-2026","tag-jorge-drexler"],"_links":{"self":[{"href":"https:\/\/elinformanteperu.com\/index.php\/wp-json\/wp\/v2\/posts\/147708","targetHints":{"allow":["GET"]}}],"collection":[{"href":"https:\/\/elinformanteperu.com\/index.php\/wp-json\/wp\/v2\/posts"}],"about":[{"href":"https:\/\/elinformanteperu.com\/index.php\/wp-json\/wp\/v2\/types\/post"}],"author":[{"embeddable":true,"href":"https:\/\/elinformanteperu.com\/index.php\/wp-json\/wp\/v2\/users\/1"}],"replies":[{"embeddable":true,"href":"https:\/\/elinformanteperu.com\/index.php\/wp-json\/wp\/v2\/comments?post=147708"}],"version-history":[{"count":1,"href":"https:\/\/elinformanteperu.com\/index.php\/wp-json\/wp\/v2\/posts\/147708\/revisions"}],"predecessor-version":[{"id":147710,"href":"https:\/\/elinformanteperu.com\/index.php\/wp-json\/wp\/v2\/posts\/147708\/revisions\/147710"}],"wp:featuredmedia":[{"embeddable":true,"href":"https:\/\/elinformanteperu.com\/index.php\/wp-json\/wp\/v2\/media\/147709"}],"wp:attachment":[{"href":"https:\/\/elinformanteperu.com\/index.php\/wp-json\/wp\/v2\/media?parent=147708"}],"wp:term":[{"taxonomy":"category","embeddable":true,"href":"https:\/\/elinformanteperu.com\/index.php\/wp-json\/wp\/v2\/categories?post=147708"},{"taxonomy":"post_tag","embeddable":true,"href":"https:\/\/elinformanteperu.com\/index.php\/wp-json\/wp\/v2\/tags?post=147708"}],"curies":[{"name":"wp","href":"https:\/\/api.w.org\/{rel}","templated":true}]}}