{"id":147605,"date":"2026-03-17T13:21:49","date_gmt":"2026-03-17T18:21:49","guid":{"rendered":"https:\/\/elinformanteperu.com\/?p=147605"},"modified":"2026-03-17T13:21:49","modified_gmt":"2026-03-17T18:21:49","slug":"feriados-2026-en-peru-cuando-sera-fin-de-semana-largo-por-semana-santa","status":"publish","type":"post","link":"https:\/\/elinformanteperu.com\/index.php\/2026\/03\/17\/feriados-2026-en-peru-cuando-sera-fin-de-semana-largo-por-semana-santa\/","title":{"rendered":"Feriados 2026 en Per\u00fa: \u00bfcu\u00e1ndo ser\u00e1 fin de semana largo por Semana Santa?"},"content":{"rendered":"<p><strong><span style=\"color: #000000;\">Adem\u00e1s, conoce qu\u00e9 d\u00edas festivos restan en el calendario nacional<\/span><\/strong><\/p>\n<p><span style=\"color: #000000;\"><strong>Lima, 17 de marzo 2026 (ANDINA).-<\/strong> Los feriados de Semana Santa ofrecen a miles de peruanos la oportunidad de compartir en familia, realizar viajes cortos o participar en las tradicionales actividades religiosas que se celebran en diversas regiones del pa\u00eds. En 2026, estas fechas dar\u00e1n paso a uno de los primeros fines de semana largos del a\u00f1o.<\/span><\/p>\n<p><span style=\"color: #000000;\">De acuerdo con el calendario oficial, los feriados nacionales por Semana Santa ser\u00e1n el jueves 2 y viernes 3 de abril. Estas fechas, sumadas al s\u00e1bado 4 y domingo 5, conforman un fin de semana largo propicio para el descanso, el turismo interno y la participaci\u00f3n en las celebraciones lit\u00fargicas propias de esta festividad cristiana.<\/span><\/p>\n<p><span style=\"color: #000000;\">Durante estos feriados, establecido por Decreto Legislativo 713, los trabajadores de los sectores p\u00fablico y privado, as\u00ed como los estudiantes, detienen sus actividades para tomarse un descanso.<\/span><\/p>\n<p><strong><span style=\"color: #000000;\">\u00bfCu\u00e1les son los siguientes feriados del 2026?<\/span><\/strong><\/p>\n<p><a href=\"https:\/\/elinformanteperu.com\/wp-content\/uploads\/2026\/03\/feriados78.webp\"><img fetchpriority=\"high\" decoding=\"async\" class=\"size-large wp-image-147607 aligncenter\" src=\"https:\/\/elinformanteperu.com\/wp-content\/uploads\/2026\/03\/feriados78-1024x683.webp\" alt=\"\" width=\"615\" height=\"410\" srcset=\"https:\/\/elinformanteperu.com\/wp-content\/uploads\/2026\/03\/feriados78-1024x683.webp 1024w, https:\/\/elinformanteperu.com\/wp-content\/uploads\/2026\/03\/feriados78-300x200.webp 300w, https:\/\/elinformanteperu.com\/wp-content\/uploads\/2026\/03\/feriados78-768x512.webp 768w, https:\/\/elinformanteperu.com\/wp-content\/uploads\/2026\/03\/feriados78-1536x1025.webp 1536w, https:\/\/elinformanteperu.com\/wp-content\/uploads\/2026\/03\/feriados78.webp 1800w\" sizes=\"(max-width: 615px) 100vw, 615px\" \/><\/a><strong><span style=\"color: #000000;\">Abril <\/span><\/strong><br \/>\n<span style=\"color: #000000;\"><strong>Jueves 2 de abril:<\/strong> Jueves Santo.<\/span><br \/>\n<span style=\"color: #000000;\">Viernes 3 de abril: Viernes Santo.<\/span><\/p>\n<p><strong><span style=\"color: #000000;\">Mayo <\/span><\/strong><br \/>\n<span style=\"color: #000000;\"><strong>Viernes 1 de mayo:<\/strong> D\u00eda del Trabajo.<\/span><\/p>\n<p><strong><span style=\"color: #000000;\">Junio <\/span><\/strong><br \/>\n<span style=\"color: #000000;\"><strong>Domingo 7 de junio:<\/strong> Batalla de Arica y D\u00eda de la Bandera.<\/span><br \/>\n<span style=\"color: #000000;\"><strong>Lunes 29 de junio:<\/strong> San Pedro y San Pablo.<\/span><\/p>\n<p><strong><span style=\"color: #000000;\">Julio <\/span><\/strong><br \/>\n<span style=\"color: #000000;\"><strong>Jueves 23 de julio:<\/strong> D\u00eda de la Fuerza A\u00e9rea del Per\u00fa.<\/span><br \/>\n<span style=\"color: #000000;\"><strong>Martes 28 de julio:<\/strong> Fiestas Patrias.<\/span><br \/>\n<span style=\"color: #000000;\"><strong>Mi\u00e9rcoles 29 de julio:<\/strong> Fiestas Patrias.<\/span><\/p>\n<p><strong><span style=\"color: #000000;\">Agosto <\/span><\/strong><br \/>\n<span style=\"color: #000000;\"><strong>Jueves 6 de agosto:<\/strong> Batalla de Jun\u00edn.<\/span><br \/>\n<span style=\"color: #000000;\"><strong>Domingo 30 de agosto:<\/strong> Santa Rosa de Lima.<\/span><\/p>\n<p><strong><span style=\"color: #000000;\">Octubre <\/span><\/strong><br \/>\n<span style=\"color: #000000;\"><strong>Jueves 8 de octubre:<\/strong> Combate de Angamos.<\/span><\/p>\n<p><strong><span style=\"color: #000000;\">Noviembre <\/span><\/strong><br \/>\n<span style=\"color: #000000;\"><strong>Domingo 1 de noviembre:<\/strong> D\u00eda de Todos los Santos.<\/span><\/p>\n<p><strong><span style=\"color: #000000;\">Diciembre <\/span><\/strong><br \/>\n<span style=\"color: #000000;\"><strong>Martes 8 de diciembre:<\/strong> Inmaculada Concepci\u00f3n.<\/span><br \/>\n<span style=\"color: #000000;\"><strong>Mi\u00e9rcoles 9 de diciembre:<\/strong> Batalla de Ayacucho.<\/span><br \/>\n<span style=\"color: #000000;\"><strong>Viernes 25 de diciembre:<\/strong> Navidad.<\/span><\/p>\n<p><a href=\"https:\/\/elinformanteperu.com\/wp-content\/uploads\/2026\/03\/feriados79.webp\"><img decoding=\"async\" class=\"size-large wp-image-147608 aligncenter\" src=\"https:\/\/elinformanteperu.com\/wp-content\/uploads\/2026\/03\/feriados79-1024x683.webp\" alt=\"\" width=\"615\" height=\"410\" srcset=\"https:\/\/elinformanteperu.com\/wp-content\/uploads\/2026\/03\/feriados79-1024x683.webp 1024w, https:\/\/elinformanteperu.com\/wp-content\/uploads\/2026\/03\/feriados79-300x200.webp 300w, https:\/\/elinformanteperu.com\/wp-content\/uploads\/2026\/03\/feriados79-768x512.webp 768w, https:\/\/elinformanteperu.com\/wp-content\/uploads\/2026\/03\/feriados79-1536x1025.webp 1536w, https:\/\/elinformanteperu.com\/wp-content\/uploads\/2026\/03\/feriados79.webp 1800w\" sizes=\"(max-width: 615px) 100vw, 615px\" \/><\/a><strong><span style=\"color: #000000;\">\u00bfCu\u00e1les son los beneficios laborales?<\/span><\/strong><\/p>\n<p><span style=\"color: #000000;\">Entre los beneficios laborales, es importante recordar que los feriados est\u00e1n regulados en el art\u00edculo 6 del Decreto Legislativo N.\u00b0 713. En estas fechas, los trabajadores tienen derecho a descanso remunerado, aun sin asistir a laborar.<\/span><\/p>\n<p><strong><span style=\"color: #000000;\">Si un trabajador labora en un d\u00eda feriado \u00bfqu\u00e9 le corresponde?<\/span><\/strong><\/p>\n<p><span style=\"color: #000000;\">Quienes trabajen durante un feriado sin descanso sustitutorio deben recibir el pago del d\u00eda feriado m\u00e1s la remuneraci\u00f3n diaria con una sobretasa del 100 %. No efectuar este pago constituye una infracci\u00f3n muy grave, con multas que pueden oscilar entre S\/ 1,058 y S\/ 24,163, seg\u00fan el tama\u00f1o de la empresa.<\/span><\/p>\n<p><strong><span style=\"color: #000000;\">\u00bfCu\u00e1nto le corresponde al trabajador si labora el D\u00eda del Trabajo (01 de mayo)?<\/span><\/strong><\/p>\n<p><span style=\"color: #000000;\">Seg\u00fan el Decreto Legislativo 713, la remuneraci\u00f3n por este feriado se percibe \u00edntegramente y sin condici\u00f3n alguna, aun cuando el trabajador tenga inasistencias o tardanzas durante la semana. Para el caso del trabajador que labore el 1\u00b0 de mayo, sin descanso posterior, percibir\u00e1 tres remuneraciones diarias: una por el feriado y doble por haber laborado en d\u00eda feriado.<\/span><\/p>\n<p><span style=\"color: #000000;\">Cuando hay un acuerdo entre empleador y trabajador para que en el feriado \u00e9ste labore, con descanso posterior, ya no habr\u00e1 pago adicional por haber asistido.<\/span><\/p>\n<p><a href=\"https:\/\/elinformanteperu.com\/wp-content\/uploads\/2026\/03\/feriados-80.webp\"><img decoding=\"async\" class=\"size-large wp-image-147609 aligncenter\" src=\"https:\/\/elinformanteperu.com\/wp-content\/uploads\/2026\/03\/feriados-80-1024x683.webp\" alt=\"\" width=\"615\" height=\"410\" srcset=\"https:\/\/elinformanteperu.com\/wp-content\/uploads\/2026\/03\/feriados-80-1024x683.webp 1024w, https:\/\/elinformanteperu.com\/wp-content\/uploads\/2026\/03\/feriados-80-300x200.webp 300w, https:\/\/elinformanteperu.com\/wp-content\/uploads\/2026\/03\/feriados-80-768x512.webp 768w, https:\/\/elinformanteperu.com\/wp-content\/uploads\/2026\/03\/feriados-80-1536x1024.webp 1536w, https:\/\/elinformanteperu.com\/wp-content\/uploads\/2026\/03\/feriados-80.webp 1800w\" sizes=\"(max-width: 615px) 100vw, 615px\" \/><\/a><strong><span style=\"color: #000000;\">\u00bfCu\u00e1l es la diferencia entre los feriados y los d\u00edas no laborables?<\/span><\/strong><\/p>\n<p><span style=\"color: #000000;\">Los feriados y d\u00edas no laborables no son lo mismo. El feriado es una fecha establecida por ley y obliga al descanso tanto en el sector p\u00fablico como en el privado, con goce de haber. En cambio, el d\u00eda no laborable es una medida excepcional decretada por el Ejecutivo y suele aplicarse principalmente a las entidades p\u00fablicas.<\/span><\/p>\n<p><span style=\"color: #000000;\">El Poder Ejecutivo es el encargado de disponer qu\u00e9 d\u00edas ser\u00e1n \u00abno laborales\u00bb durante el 2026 a fin de que empalmen con los d\u00edas feriados y as\u00ed formar fines de semanas largos.<\/span><\/p>\n<p><strong><span style=\"color: #000000;\">\u00bfC\u00f3mo funcionan los d\u00edas no laborables?<\/span><\/strong><\/p>\n<p><span style=\"color: #000000;\">En los d\u00edas no laborables, los trabajadores reciben su remuneraci\u00f3n habitual, pero deben devolver las horas posteriormente, seg\u00fan establezca cada entidad. En estos casos, no existe pago adicional ni compensaci\u00f3n econ\u00f3mica.<\/span><\/p>\n<p><span style=\"color: #000000;\">Asimismo, los centros de trabajo del sector privado pueden acogerse a los d\u00edas no laborables, de acuerdo con el Decreto Supremo N\u00ba 042-2025-PCM, previo acuerdo entre el empleador y sus trabajadores, quienes deben establecer la forma como se hace efectiva la recuperaci\u00f3n de las horas dejadas de laborar.<\/span><\/p>\n","protected":false},"excerpt":{"rendered":"<p>Adem\u00e1s, conoce qu\u00e9 d\u00edas festivos restan en el calendario nacional Lima, 17 de marzo 2026 (ANDINA).- Los feriados de Semana Santa ofrecen a miles de peruanos la oportunidad de compartir en familia, realizar viajes cortos o participar en las tradicionales actividades religiosas que se celebran en diversas regiones del pa\u00eds. En 2026, estas fechas dar\u00e1n [&hellip;]<\/p>\n","protected":false},"author":1,"featured_media":147606,"comment_status":"closed","ping_status":"closed","sticky":false,"template":"","format":"standard","meta":{"rop_custom_images_group":[],"rop_custom_messages_group":[],"rop_publish_now":"initial","rop_publish_now_accounts":[],"rop_publish_now_history":[],"rop_publish_now_status":"pending","footnotes":""},"categories":[10,5746,21],"tags":[758,1331],"class_list":["post-147605","post","type-post","status-publish","format-standard","has-post-thumbnail","hentry","category-actualidad-municipal","category-foto-noticias","category-orientacion","tag-feriados","tag-semana-santa"],"_links":{"self":[{"href":"https:\/\/elinformanteperu.com\/index.php\/wp-json\/wp\/v2\/posts\/147605","targetHints":{"allow":["GET"]}}],"collection":[{"href":"https:\/\/elinformanteperu.com\/index.php\/wp-json\/wp\/v2\/posts"}],"about":[{"href":"https:\/\/elinformanteperu.com\/index.php\/wp-json\/wp\/v2\/types\/post"}],"author":[{"embeddable":true,"href":"https:\/\/elinformanteperu.com\/index.php\/wp-json\/wp\/v2\/users\/1"}],"replies":[{"embeddable":true,"href":"https:\/\/elinformanteperu.com\/index.php\/wp-json\/wp\/v2\/comments?post=147605"}],"version-history":[{"count":1,"href":"https:\/\/elinformanteperu.com\/index.php\/wp-json\/wp\/v2\/posts\/147605\/revisions"}],"predecessor-version":[{"id":147610,"href":"https:\/\/elinformanteperu.com\/index.php\/wp-json\/wp\/v2\/posts\/147605\/revisions\/147610"}],"wp:featuredmedia":[{"embeddable":true,"href":"https:\/\/elinformanteperu.com\/index.php\/wp-json\/wp\/v2\/media\/147606"}],"wp:attachment":[{"href":"https:\/\/elinformanteperu.com\/index.php\/wp-json\/wp\/v2\/media?parent=147605"}],"wp:term":[{"taxonomy":"category","embeddable":true,"href":"https:\/\/elinformanteperu.com\/index.php\/wp-json\/wp\/v2\/categories?post=147605"},{"taxonomy":"post_tag","embeddable":true,"href":"https:\/\/elinformanteperu.com\/index.php\/wp-json\/wp\/v2\/tags?post=147605"}],"curies":[{"name":"wp","href":"https:\/\/api.w.org\/{rel}","templated":true}]}}