{"id":147545,"date":"2026-03-17T08:06:04","date_gmt":"2026-03-17T13:06:04","guid":{"rendered":"https:\/\/elinformanteperu.com\/?p=147545"},"modified":"2026-03-17T08:06:04","modified_gmt":"2026-03-17T13:06:04","slug":"paucartambo-le-da-el-ultimo-adios-a-su-hijo-predilecto-jorge-nunez-del-prado","status":"publish","type":"post","link":"https:\/\/elinformanteperu.com\/index.php\/2026\/03\/17\/paucartambo-le-da-el-ultimo-adios-a-su-hijo-predilecto-jorge-nunez-del-prado\/","title":{"rendered":"Paucartambo le da el \u00faltimo adi\u00f3s a su hijo predilecto, Jorge N\u00fa\u00f1ez del Prado"},"content":{"rendered":"<p><strong><span style=\"color: #000000;\">En vida, el m\u00fasico cusque\u00f1o expres\u00f3 su deseo de ser enterrado en su tierra natal<\/span><\/strong><\/p>\n<p><span style=\"color: #000000;\"><strong>Cusco, 16 de marzo 2026 (ANDINA).-<\/strong> El m\u00fasico y cantante Jorge N\u00fa\u00f1ez del Prado ya descansa en un mausoleo del cementerio general de la ciudad de Paucartambo (Cusco), sobre el cual reposa un acorde\u00f3n, tras m\u00faltiples homenajes p\u00f3stumos de autoridades y organizaciones.<\/span><\/p>\n<p><span style=\"color: #000000;\">Los restos del hijo predilecto de Paucartambo, m\u00e1xima distinci\u00f3n que se otorga en la localidad, arribaron a su ciudad natal el \u00faltimo s\u00e1bado, para ser enterrados, seg\u00fan su deseo evocado en cantos y expresiones en vida. N\u00fa\u00f1ez del Prado muri\u00f3 a los 89 a\u00f1os el 11 de marzo en Lima.<\/span><\/p>\n<p><span style=\"color: #000000;\">Las autoridades cusque\u00f1as y paucartambinas, y la multitud de seguidores lo llevaron hasta el pie de la Virgen del Carmen despu\u00e9s de sacarlo en hombros del teatro que tambi\u00e9n lleva su nombre. Al t\u00e9rmino de una misa de cuerpo presente, la imagen sali\u00f3 hasta el atrio para una despedida de madre a hijo a don Jorge N\u00fa\u00f1ez del Prado, a quien el cantante la llam\u00f3 su \u00abreina\u00bb.<\/span><\/p>\n<p><a href=\"https:\/\/elinformanteperu.com\/wp-content\/uploads\/2026\/03\/cusco-Jorge-Nunez-del-Prado-entierro-musico1.webp\"><img fetchpriority=\"high\" decoding=\"async\" class=\"size-full wp-image-147547 aligncenter\" src=\"https:\/\/elinformanteperu.com\/wp-content\/uploads\/2026\/03\/cusco-Jorge-Nunez-del-Prado-entierro-musico1.webp\" alt=\"\" width=\"500\" height=\"333\" srcset=\"https:\/\/elinformanteperu.com\/wp-content\/uploads\/2026\/03\/cusco-Jorge-Nunez-del-Prado-entierro-musico1.webp 500w, https:\/\/elinformanteperu.com\/wp-content\/uploads\/2026\/03\/cusco-Jorge-Nunez-del-Prado-entierro-musico1-300x200.webp 300w\" sizes=\"(max-width: 500px) 100vw, 500px\" \/><\/a><span style=\"color: #000000;\">Quiz\u00e1s el momento m\u00e1s hermoso para un int\u00e9rprete del huaino cusque\u00f1o fue la bendici\u00f3n y despedida, pues \u00e9l compuso, cant\u00f3, elogi\u00f3 y agradeci\u00f3 los m\u00faltiples milagros de la venerada imagen.<\/span><\/p>\n<p><span style=\"color: #000000;\">Despu\u00e9s de ese acto, el cielo oscureci\u00f3 y llovi\u00f3, pero no impidi\u00f3 que la poblaci\u00f3n, fieles, danzarines lo llevaran a su \u00faltima morada, donde ser\u00e1 recordado en cada romer\u00eda de los danzantes a las v\u00edrgenes Del Carmen, Rosario y el Se\u00f1or de Qoyllurit&#8217;i.<\/span><\/p>\n<p><strong><span style=\"color: #000000;\">\u00bfC\u00f3mo fue la vida del acordeonista?<\/span><\/strong><\/p>\n<p><a href=\"https:\/\/elinformanteperu.com\/wp-content\/uploads\/2026\/03\/cusco-Jorge-Nunez-del-Prado-entierro-musico2.webp\"><img decoding=\"async\" class=\"size-full wp-image-147548 aligncenter\" src=\"https:\/\/elinformanteperu.com\/wp-content\/uploads\/2026\/03\/cusco-Jorge-Nunez-del-Prado-entierro-musico2.webp\" alt=\"\" width=\"500\" height=\"333\" srcset=\"https:\/\/elinformanteperu.com\/wp-content\/uploads\/2026\/03\/cusco-Jorge-Nunez-del-Prado-entierro-musico2.webp 500w, https:\/\/elinformanteperu.com\/wp-content\/uploads\/2026\/03\/cusco-Jorge-Nunez-del-Prado-entierro-musico2-300x200.webp 300w\" sizes=\"(max-width: 500px) 100vw, 500px\" \/><\/a><span style=\"color: #000000;\">P\u00edo N\u00fa\u00f1ez sel Prado, sobrino de don Jorge, tom\u00f3 la palabra y cont\u00f3 que el acordeonista fue el \u00fanico var\u00f3n en la familia, pues tuvo cuatro hermanas; todas docentes.<\/span><\/p>\n<p><span style=\"color: #000000;\">De adolescente se enamor\u00f3 de una campesina de nombre Petronila y su gran amor fue Carmen Lizarde de Le\u00f3n, una ciudadana andahuaylina (Apur\u00edmac), a quienes el m\u00fasico inmortaliz\u00f3 en canciones.<\/span><\/p>\n<p><span style=\"color: #000000;\">De ni\u00f1o fue apegado a su familia, vivi\u00f3 al lado de un templo colonial, estudi\u00f3 en Paucartambo los primeros a\u00f1os y luego viaj\u00f3 a Lima para estudiar Derecho y Educaci\u00f3n en la Universidad Nacional Mayor de San Marcos. En la capital conoci\u00f3 a los m\u00fasicos con quienes formar\u00eda el tr\u00edo Los Campesinos.<\/span><\/p>\n<p><span style=\"color: #000000;\">En un inicio toc\u00f3 el pampapiano y luego el acorde\u00f3n. \u00abCre\u00f3 m\u00e1s de 350 canciones, la misa paucartambina, el himno a nuestra tierra\u00bb, record\u00f3 P\u00edo N\u00fa\u00f1ez del Prado.<\/span><\/p>\n<p><a href=\"https:\/\/elinformanteperu.com\/wp-content\/uploads\/2026\/03\/cusco-Jorge-Nunez-del-Prado-entierro-musico3.webp\"><img decoding=\"async\" class=\"size-full wp-image-147549 aligncenter\" src=\"https:\/\/elinformanteperu.com\/wp-content\/uploads\/2026\/03\/cusco-Jorge-Nunez-del-Prado-entierro-musico3.webp\" alt=\"\" width=\"500\" height=\"333\" srcset=\"https:\/\/elinformanteperu.com\/wp-content\/uploads\/2026\/03\/cusco-Jorge-Nunez-del-Prado-entierro-musico3.webp 500w, https:\/\/elinformanteperu.com\/wp-content\/uploads\/2026\/03\/cusco-Jorge-Nunez-del-Prado-entierro-musico3-300x200.webp 300w\" sizes=\"(max-width: 500px) 100vw, 500px\" \/><\/a><\/p>\n<p><iframe title=\"R\u00edo Paucartambo\" width=\"615\" height=\"346\" src=\"https:\/\/www.youtube.com\/embed\/ifrwk9q_u3o?feature=oembed\" frameborder=\"0\" allow=\"accelerometer; autoplay; clipboard-write; encrypted-media; gyroscope; picture-in-picture; web-share\" referrerpolicy=\"strict-origin-when-cross-origin\" allowfullscreen><\/iframe><\/p>\n<p>&nbsp;<\/p>\n","protected":false},"excerpt":{"rendered":"<p>En vida, el m\u00fasico cusque\u00f1o expres\u00f3 su deseo de ser enterrado en su tierra natal Cusco, 16 de marzo 2026 (ANDINA).- El m\u00fasico y cantante Jorge N\u00fa\u00f1ez del Prado ya descansa en un mausoleo del cementerio general de la ciudad de Paucartambo (Cusco), sobre el cual reposa un acorde\u00f3n, tras m\u00faltiples homenajes p\u00f3stumos de autoridades [&hellip;]<\/p>\n","protected":false},"author":1,"featured_media":147546,"comment_status":"closed","ping_status":"closed","sticky":false,"template":"","format":"standard","meta":{"rop_custom_images_group":[],"rop_custom_messages_group":[],"rop_publish_now":"initial","rop_publish_now_accounts":[],"rop_publish_now_history":[],"rop_publish_now_status":"pending","footnotes":""},"categories":[10,69],"tags":[],"class_list":["post-147545","post","type-post","status-publish","format-standard","has-post-thumbnail","hentry","category-actualidad-municipal","category-musica"],"_links":{"self":[{"href":"https:\/\/elinformanteperu.com\/index.php\/wp-json\/wp\/v2\/posts\/147545","targetHints":{"allow":["GET"]}}],"collection":[{"href":"https:\/\/elinformanteperu.com\/index.php\/wp-json\/wp\/v2\/posts"}],"about":[{"href":"https:\/\/elinformanteperu.com\/index.php\/wp-json\/wp\/v2\/types\/post"}],"author":[{"embeddable":true,"href":"https:\/\/elinformanteperu.com\/index.php\/wp-json\/wp\/v2\/users\/1"}],"replies":[{"embeddable":true,"href":"https:\/\/elinformanteperu.com\/index.php\/wp-json\/wp\/v2\/comments?post=147545"}],"version-history":[{"count":1,"href":"https:\/\/elinformanteperu.com\/index.php\/wp-json\/wp\/v2\/posts\/147545\/revisions"}],"predecessor-version":[{"id":147550,"href":"https:\/\/elinformanteperu.com\/index.php\/wp-json\/wp\/v2\/posts\/147545\/revisions\/147550"}],"wp:featuredmedia":[{"embeddable":true,"href":"https:\/\/elinformanteperu.com\/index.php\/wp-json\/wp\/v2\/media\/147546"}],"wp:attachment":[{"href":"https:\/\/elinformanteperu.com\/index.php\/wp-json\/wp\/v2\/media?parent=147545"}],"wp:term":[{"taxonomy":"category","embeddable":true,"href":"https:\/\/elinformanteperu.com\/index.php\/wp-json\/wp\/v2\/categories?post=147545"},{"taxonomy":"post_tag","embeddable":true,"href":"https:\/\/elinformanteperu.com\/index.php\/wp-json\/wp\/v2\/tags?post=147545"}],"curies":[{"name":"wp","href":"https:\/\/api.w.org\/{rel}","templated":true}]}}