{"id":147500,"date":"2026-03-17T01:01:44","date_gmt":"2026-03-17T06:01:44","guid":{"rendered":"https:\/\/elinformanteperu.com\/?p=147500"},"modified":"2026-03-17T01:01:44","modified_gmt":"2026-03-17T06:01:44","slug":"miguel-araujo-confiesa-la-verdadera-razon-por-la-que-ficho-por-sporting-cristal","status":"publish","type":"post","link":"https:\/\/elinformanteperu.com\/index.php\/2026\/03\/17\/miguel-araujo-confiesa-la-verdadera-razon-por-la-que-ficho-por-sporting-cristal\/","title":{"rendered":"Miguel Araujo confiesa la verdadera raz\u00f3n por la que fich\u00f3 por Sporting Cristal"},"content":{"rendered":"<p><span style=\"color: #000000;\"><strong>Lima, 15 de marzo 2026 (ANDINA).<\/strong>&#8211; Miguel Araujo firm\u00f3 por Sporting Cristal a mediados de la temporada pasada, en una hecho que caus\u00f3 repercusi\u00f3n porque el defensor es hincha confeso de Alianza Lima. Sin embargo, estas son las verdaderas razones de su decisi\u00f3n.<\/span><\/p>\n<p><span style=\"color: #000000;\">El futbolista peruano defend\u00eda los colores del Portland Timbers de la Major League Soccer (MLS) de Estados Unidos hasta mediados de la temporada pasada; empero no disput\u00f3 ning\u00fan compromiso con el cuadro estadounidense en el 2025.<\/span><\/p>\n<p><span style=\"color: #000000;\">Debido a eso, el central estuvo en la Videna entrenando por unos meses, para no perder el ritmo f\u00edsico; sin embargo, no estaba en sus planes volver a jugar en el f\u00fatbol peruano, ya que Araujo a\u00fan ten\u00eda contrato con Portland por una temporada m\u00e1s.<\/span><\/p>\n<p><span style=\"color: #000000;\">El popular \u2018Fiera\u2019 estaba atravesando un problema burocr\u00e1tico complicado, donde el equipo norteamericano no le brindaba la ayuda esperada.<\/span><\/p>\n<p><span style=\"color: #000000;\">El jugador cuenta que \u201cme env\u00edan los papeles mal porque mis papeles estaban en Las Bahamas. Y para sacar la green card, para no ocupar cupo de extranjero [&#8230;] mi pasaporte en la Embajada de Estados Unidos, yo solamente quer\u00eda una ayuda de que alguien pelee por mi dinero en un club que me ha mandado aqu\u00ed y mis papeles a otro lado. Era un desastre.\u201d<\/span><\/p>\n<p><a href=\"https:\/\/elinformanteperu.com\/wp-content\/uploads\/2026\/03\/miguel-araujo-internacional.webp\"><img fetchpriority=\"high\" decoding=\"async\" class=\"size-full wp-image-147502 aligncenter\" src=\"https:\/\/elinformanteperu.com\/wp-content\/uploads\/2026\/03\/miguel-araujo-internacional.webp\" alt=\"\" width=\"500\" height=\"333\" srcset=\"https:\/\/elinformanteperu.com\/wp-content\/uploads\/2026\/03\/miguel-araujo-internacional.webp 500w, https:\/\/elinformanteperu.com\/wp-content\/uploads\/2026\/03\/miguel-araujo-internacional-300x200.webp 300w\" sizes=\"(max-width: 500px) 100vw, 500px\" \/><\/a><span style=\"color: #000000;\">\u201cYo no quer\u00eda saber nada del club (Portland Timbers) y necesitaba una ayuda para salir bien y encajar a mitad de a\u00f1o para poder jugar. Encima, la green card me sali\u00f3 tard\u00edsimo y la cancel\u00e9 a los dos d\u00edas\u201d, agreg\u00f3 el futbolista del cuadro celeste.<\/span><\/p>\n<p><span style=\"color: #000000;\">Asimismo, Araujo mencion\u00f3 que se comunic\u00f3 con Alianza Lima para que lo ayudaran y los \u00edntimos acataron; pero no vio un avance importante en los tr\u00e1mites por parte del club del que es hincha.<\/span><\/p>\n<p><strong><span style=\"color: #000000;\">Sporting Cristal<\/span><\/strong><\/p>\n<p><span style=\"color: #000000;\">Caso contrario fue con Sporting Cristal, club que s\u00ed estuvo dispuesto a ayudar fervientemente a Araujo en su documentaci\u00f3n.<\/span><\/p>\n<p><span style=\"color: #000000;\">\u201cAparte, yo conozco a \u2018Chalaquita\u2019 (Gonz\u00e1lez), conozco a Joel (Raffo), conozco a todo el entorno. Ellos facilitaron el tema de la ayuda hacia el club, hacia m\u00ed y hac\u00eda Cristal\u201d, puntualiz\u00f3 el defensa a Depor.<\/span><\/p>\n<p><span style=\"color: #000000;\">Araujo jugar\u00e1 la fase de grupos de la Copa Libertadores con Sporting Cristal, club que se sum\u00f3 a a los equipos que ha jugado el defensa peruano con paso en Talleres de Argentina, Estrella Roja de Serbia y el FC Emmen de Pa\u00edses Bajos.<\/span><\/p>\n","protected":false},"excerpt":{"rendered":"<p>Lima, 15 de marzo 2026 (ANDINA).&#8211; Miguel Araujo firm\u00f3 por Sporting Cristal a mediados de la temporada pasada, en una hecho que caus\u00f3 repercusi\u00f3n porque el defensor es hincha confeso de Alianza Lima. Sin embargo, estas son las verdaderas razones de su decisi\u00f3n. El futbolista peruano defend\u00eda los colores del Portland Timbers de la Major [&hellip;]<\/p>\n","protected":false},"author":1,"featured_media":147501,"comment_status":"closed","ping_status":"closed","sticky":false,"template":"","format":"standard","meta":{"rop_custom_images_group":[],"rop_custom_messages_group":[],"rop_publish_now":"initial","rop_publish_now_accounts":[],"rop_publish_now_history":[],"rop_publish_now_status":"pending","footnotes":""},"categories":[8],"tags":[8703,2049,200],"class_list":["post-147500","post","type-post","status-publish","format-standard","has-post-thumbnail","hentry","category-disciplinas-deportivas","tag-apertura-de-la-liga-1-2026","tag-miguel-araujo","tag-sporting-cristal"],"_links":{"self":[{"href":"https:\/\/elinformanteperu.com\/index.php\/wp-json\/wp\/v2\/posts\/147500","targetHints":{"allow":["GET"]}}],"collection":[{"href":"https:\/\/elinformanteperu.com\/index.php\/wp-json\/wp\/v2\/posts"}],"about":[{"href":"https:\/\/elinformanteperu.com\/index.php\/wp-json\/wp\/v2\/types\/post"}],"author":[{"embeddable":true,"href":"https:\/\/elinformanteperu.com\/index.php\/wp-json\/wp\/v2\/users\/1"}],"replies":[{"embeddable":true,"href":"https:\/\/elinformanteperu.com\/index.php\/wp-json\/wp\/v2\/comments?post=147500"}],"version-history":[{"count":1,"href":"https:\/\/elinformanteperu.com\/index.php\/wp-json\/wp\/v2\/posts\/147500\/revisions"}],"predecessor-version":[{"id":147503,"href":"https:\/\/elinformanteperu.com\/index.php\/wp-json\/wp\/v2\/posts\/147500\/revisions\/147503"}],"wp:featuredmedia":[{"embeddable":true,"href":"https:\/\/elinformanteperu.com\/index.php\/wp-json\/wp\/v2\/media\/147501"}],"wp:attachment":[{"href":"https:\/\/elinformanteperu.com\/index.php\/wp-json\/wp\/v2\/media?parent=147500"}],"wp:term":[{"taxonomy":"category","embeddable":true,"href":"https:\/\/elinformanteperu.com\/index.php\/wp-json\/wp\/v2\/categories?post=147500"},{"taxonomy":"post_tag","embeddable":true,"href":"https:\/\/elinformanteperu.com\/index.php\/wp-json\/wp\/v2\/tags?post=147500"}],"curies":[{"name":"wp","href":"https:\/\/api.w.org\/{rel}","templated":true}]}}