{"id":147472,"date":"2026-03-11T03:18:06","date_gmt":"2026-03-11T08:18:06","guid":{"rendered":"https:\/\/elinformanteperu.com\/?p=147472"},"modified":"2026-03-11T03:18:06","modified_gmt":"2026-03-11T08:18:06","slug":"gobierno-garantiza-inicio-de-ano-escolar-en-colegios-publicos-este-lunes-16","status":"publish","type":"post","link":"https:\/\/elinformanteperu.com\/index.php\/2026\/03\/11\/gobierno-garantiza-inicio-de-ano-escolar-en-colegios-publicos-este-lunes-16\/","title":{"rendered":"Gobierno garantiza inicio de a\u00f1o escolar en colegios p\u00fablicos este lunes 16"},"content":{"rendered":"<p><strong><span style=\"color: #000000;\">Titular de la PCM hizo declaraci\u00f3n en Centro de Operaciones de Emergencia Nacional<\/span><\/strong><\/p>\n<p><span style=\"color: #000000;\"><strong>Lima, 10 de marzo 2026 (ANDINA).-<\/strong> La presidenta del Consejo de Ministros, Denisse Miralles, garantiz\u00f3 que el lunes 16 de marzo se iniciar\u00e1 el a\u00f1o escolar 2026 en los colegios p\u00fablicos del pa\u00eds, al recordar que el Gobierno ha realizado con anticipaci\u00f3n el monitoreo y la planificaci\u00f3n necesarios para asegurar el desarrollo del calendario educativo.<\/span><\/p>\n<p><span style=\"color: #000000;\">\u201cEl inicio del a\u00f1o escolar est\u00e1 garantizado, en el primer momento lo dijimos\u2026 de todas maneras comienza este 16\u201d, asegur\u00f3 durante una conferencia de prensa en el Centro de Operaciones de Emergencia Nacional (COEN).<\/span><\/p>\n<p><span style=\"color: #000000;\">La titular de la Presidencia del Consejo de Ministros indic\u00f3 que el inicio del a\u00f1o escolar se ha planificado con tiempo y por eso est\u00e1 en condiciones de garantizar que el calendario no se afectar\u00e1 ni por la emergencia del suministro de gas ni por la presencia de factores clim\u00e1ticos, como lluvias.<\/span><\/p>\n<p><span style=\"color: #000000;\">\u201cNo obstante, si alg\u00fan lugar tiene una contingencia por lluvias, por ejemplo, obviamente tendremos que tomar la medida de suspender el inicio de clases hasta rehabilitar la infraestructura del colegio afectado\u201d, asegur\u00f3.<\/span><\/p>\n<p><a href=\"https:\/\/elinformanteperu.com\/wp-content\/uploads\/2026\/03\/miralles-concejo.webp\"><img fetchpriority=\"high\" decoding=\"async\" class=\"size-large wp-image-147473 aligncenter\" src=\"https:\/\/elinformanteperu.com\/wp-content\/uploads\/2026\/03\/miralles-concejo-1024x682.webp\" alt=\"\" width=\"615\" height=\"410\" srcset=\"https:\/\/elinformanteperu.com\/wp-content\/uploads\/2026\/03\/miralles-concejo-1024x682.webp 1024w, https:\/\/elinformanteperu.com\/wp-content\/uploads\/2026\/03\/miralles-concejo-300x200.webp 300w, https:\/\/elinformanteperu.com\/wp-content\/uploads\/2026\/03\/miralles-concejo-768x512.webp 768w, https:\/\/elinformanteperu.com\/wp-content\/uploads\/2026\/03\/miralles-concejo-1536x1023.webp 1536w, https:\/\/elinformanteperu.com\/wp-content\/uploads\/2026\/03\/miralles-concejo.webp 1800w\" sizes=\"(max-width: 615px) 100vw, 615px\" \/><\/a><span style=\"color: #000000;\">Ante la escasez de combustibles, el Gobierno dispuso clases remotas en los colegios particulares que ya iniciaron sus actividades escolares. De acuerdo con Miralles, en principio la emergencia solo durar\u00e1 hasta el 14 de marzo, por lo que dicha situaci\u00f3n tampoco afectar\u00e1 el inicio de clases.<\/span><\/p>\n<p><span style=\"color: #000000;\">\u201cEl tiempo que nos dio la empresa (TGP) fueron 14 d\u00edas, esperamos que el comit\u00e9 de crisis nos d\u00e9 noticias positivas y esperamos que as\u00ed sea en funci\u00f3n a algunos indicadores que manejamos. Todo est\u00e1 evolucionando de forma favorable\u201d, asegur\u00f3.<\/span><\/p>\n<p><span style=\"color: #000000;\">La jefa del Gabinete a\u00f1adi\u00f3 que la crisis energ\u00e9tica viene mostrando una evoluci\u00f3n positiva y que incluso podr\u00eda resolverse antes del plazo previsto. \u201cTodo est\u00e1 evolucionando favorable en la crisis energ\u00e9tica y (las medidas) podr\u00eda incluso adelantarse\u201d, puntualiz\u00f3.<\/span><\/p>\n","protected":false},"excerpt":{"rendered":"<p>Titular de la PCM hizo declaraci\u00f3n en Centro de Operaciones de Emergencia Nacional Lima, 10 de marzo 2026 (ANDINA).- La presidenta del Consejo de Ministros, Denisse Miralles, garantiz\u00f3 que el lunes 16 de marzo se iniciar\u00e1 el a\u00f1o escolar 2026 en los colegios p\u00fablicos del pa\u00eds, al recordar que el Gobierno ha realizado con anticipaci\u00f3n [&hellip;]<\/p>\n","protected":false},"author":1,"featured_media":147464,"comment_status":"closed","ping_status":"closed","sticky":false,"template":"","format":"standard","meta":{"rop_custom_images_group":[],"rop_custom_messages_group":[],"rop_publish_now":"initial","rop_publish_now_accounts":[],"rop_publish_now_history":[],"rop_publish_now_status":"pending","footnotes":""},"categories":[10],"tags":[8644,1668,189,2317],"class_list":["post-147472","post","type-post","status-publish","format-standard","has-post-thumbnail","hentry","category-actualidad-municipal","tag-denisse-miralles","tag-minedu","tag-pcm","tag-presidencia-del-consejo-de-ministros"],"_links":{"self":[{"href":"https:\/\/elinformanteperu.com\/index.php\/wp-json\/wp\/v2\/posts\/147472","targetHints":{"allow":["GET"]}}],"collection":[{"href":"https:\/\/elinformanteperu.com\/index.php\/wp-json\/wp\/v2\/posts"}],"about":[{"href":"https:\/\/elinformanteperu.com\/index.php\/wp-json\/wp\/v2\/types\/post"}],"author":[{"embeddable":true,"href":"https:\/\/elinformanteperu.com\/index.php\/wp-json\/wp\/v2\/users\/1"}],"replies":[{"embeddable":true,"href":"https:\/\/elinformanteperu.com\/index.php\/wp-json\/wp\/v2\/comments?post=147472"}],"version-history":[{"count":1,"href":"https:\/\/elinformanteperu.com\/index.php\/wp-json\/wp\/v2\/posts\/147472\/revisions"}],"predecessor-version":[{"id":147474,"href":"https:\/\/elinformanteperu.com\/index.php\/wp-json\/wp\/v2\/posts\/147472\/revisions\/147474"}],"wp:featuredmedia":[{"embeddable":true,"href":"https:\/\/elinformanteperu.com\/index.php\/wp-json\/wp\/v2\/media\/147464"}],"wp:attachment":[{"href":"https:\/\/elinformanteperu.com\/index.php\/wp-json\/wp\/v2\/media?parent=147472"}],"wp:term":[{"taxonomy":"category","embeddable":true,"href":"https:\/\/elinformanteperu.com\/index.php\/wp-json\/wp\/v2\/categories?post=147472"},{"taxonomy":"post_tag","embeddable":true,"href":"https:\/\/elinformanteperu.com\/index.php\/wp-json\/wp\/v2\/tags?post=147472"}],"curies":[{"name":"wp","href":"https:\/\/api.w.org\/{rel}","templated":true}]}}