{"id":147469,"date":"2026-03-11T03:13:51","date_gmt":"2026-03-11T08:13:51","guid":{"rendered":"https:\/\/elinformanteperu.com\/?p=147469"},"modified":"2026-03-11T03:13:51","modified_gmt":"2026-03-11T08:13:51","slug":"minedu-universidades-e-institutos-regresaran-tambien-manana-miercoles-a-clases-presenciales","status":"publish","type":"post","link":"https:\/\/elinformanteperu.com\/index.php\/2026\/03\/11\/minedu-universidades-e-institutos-regresaran-tambien-manana-miercoles-a-clases-presenciales\/","title":{"rendered":"Minedu: universidades e institutos regresar\u00e1n tambi\u00e9n ma\u00f1ana mi\u00e9rcoles a clases presenciales"},"content":{"rendered":"<p><strong><span style=\"color: #000000;\">Medida fue anunciada tras la normalizaci\u00f3n progresiva del sistema de distribuci\u00f3n de gas<\/span><\/strong><\/p>\n<p><span style=\"color: #000000;\"><strong>Lima, 10 de marzo 2026 (ANDINA).-<\/strong> Las universidades e institutos de Lima y Callao regresar\u00e1n ma\u00f1ana, mi\u00e9rcoles 11 de marzo, a clases presenciales, inform\u00f3 el Ministerio de Educaci\u00f3n (Minedu).<\/span><\/p>\n<p><span style=\"color: #000000;\">Esta medida se suma al anuncio realizado m\u00e1s temprano por el presidente de la Rep\u00fablica, Jos\u00e9 Mar\u00eda Balc\u00e1zar, del reinicio, ma\u00f1ana tambi\u00e9n, de clases presenciales para todos los colegios de la capital.<\/span><\/p>\n<p><span style=\"color: #000000;\">\u201cPodemos anunciar a la comunidad educativa y al pa\u00eds, a los padres de familia y a la ciudadan\u00eda en general que las instituciones educativas de Lima y Callao podr\u00e1n retomar la presencialidad del servicio educativo a partir de ma\u00f1ana, mi\u00e9rcoles\u201d, inform\u00f3 el mandatario en conferencia de prensa desde el Consejos de ministros.<\/span><\/p>\n<p><strong><span style=\"color: #000000;\">Universidades a clases presenciales<\/span><\/strong><\/p>\n<p><span style=\"color: #000000;\">A trav\u00e9s de un comunicado, el Minedu inform\u00f3 a la ciudadan\u00eda que la decisi\u00f3n de volver a la presencialidad se ejecutar\u00e1 en el \u201cmarco de la normalizaci\u00f3n progresiva del sistema de distribuci\u00f3n de gas, anunciada por el presidente de la rep\u00fablica, Jos\u00e9 Mar\u00eda Balc\u00e1zar, quien inform\u00f3 que el proceso de restablecimiento permitir\u00e1 retomar de manera gradual las actividades educativas presenciales\u201d.<\/span><\/p>\n<p><span style=\"color: #000000;\">Explic\u00f3 que el s\u00e1bado 14 de marzo se reabrir\u00e1 el sistema de gas para los grifos, \u201ccon lo cual se reiniciar\u00e1 la distribuci\u00f3n de gas natural vehicular y el abastecimiento progresivo en las estaciones de servicio. Ese mismo d\u00eda. el sistema tambi\u00e9n ser\u00e1 habilitado para los sectores industriales\u201d.<\/span><\/p>\n<p><span style=\"color: #000000;\">El Minedu reafirm\u00f3 su compromiso con la continuidad del servicio educativo y record\u00f3 a las instituciones educativas, conformadas por docentes, estudiantes y familias, la importancia de mantener las condiciones adecuadas para el desarrollo de las actividades escolares presenciales.<\/span><\/p>\n","protected":false},"excerpt":{"rendered":"<p>Medida fue anunciada tras la normalizaci\u00f3n progresiva del sistema de distribuci\u00f3n de gas Lima, 10 de marzo 2026 (ANDINA).- Las universidades e institutos de Lima y Callao regresar\u00e1n ma\u00f1ana, mi\u00e9rcoles 11 de marzo, a clases presenciales, inform\u00f3 el Ministerio de Educaci\u00f3n (Minedu). Esta medida se suma al anuncio realizado m\u00e1s temprano por el presidente de [&hellip;]<\/p>\n","protected":false},"author":1,"featured_media":147470,"comment_status":"closed","ping_status":"closed","sticky":false,"template":"","format":"standard","meta":{"rop_custom_images_group":[],"rop_custom_messages_group":[],"rop_publish_now":"initial","rop_publish_now_accounts":[],"rop_publish_now_history":[],"rop_publish_now_status":"pending","footnotes":""},"categories":[10],"tags":[1668,328,6936],"class_list":["post-147469","post","type-post","status-publish","format-standard","has-post-thumbnail","hentry","category-actualidad-municipal","tag-minedu","tag-ministerio-de-de-educacion","tag-universidades"],"_links":{"self":[{"href":"https:\/\/elinformanteperu.com\/index.php\/wp-json\/wp\/v2\/posts\/147469","targetHints":{"allow":["GET"]}}],"collection":[{"href":"https:\/\/elinformanteperu.com\/index.php\/wp-json\/wp\/v2\/posts"}],"about":[{"href":"https:\/\/elinformanteperu.com\/index.php\/wp-json\/wp\/v2\/types\/post"}],"author":[{"embeddable":true,"href":"https:\/\/elinformanteperu.com\/index.php\/wp-json\/wp\/v2\/users\/1"}],"replies":[{"embeddable":true,"href":"https:\/\/elinformanteperu.com\/index.php\/wp-json\/wp\/v2\/comments?post=147469"}],"version-history":[{"count":1,"href":"https:\/\/elinformanteperu.com\/index.php\/wp-json\/wp\/v2\/posts\/147469\/revisions"}],"predecessor-version":[{"id":147471,"href":"https:\/\/elinformanteperu.com\/index.php\/wp-json\/wp\/v2\/posts\/147469\/revisions\/147471"}],"wp:featuredmedia":[{"embeddable":true,"href":"https:\/\/elinformanteperu.com\/index.php\/wp-json\/wp\/v2\/media\/147470"}],"wp:attachment":[{"href":"https:\/\/elinformanteperu.com\/index.php\/wp-json\/wp\/v2\/media?parent=147469"}],"wp:term":[{"taxonomy":"category","embeddable":true,"href":"https:\/\/elinformanteperu.com\/index.php\/wp-json\/wp\/v2\/categories?post=147469"},{"taxonomy":"post_tag","embeddable":true,"href":"https:\/\/elinformanteperu.com\/index.php\/wp-json\/wp\/v2\/tags?post=147469"}],"curies":[{"name":"wp","href":"https:\/\/api.w.org\/{rel}","templated":true}]}}