{"id":147460,"date":"2026-03-11T03:04:31","date_gmt":"2026-03-11T08:04:31","guid":{"rendered":"https:\/\/elinformanteperu.com\/?p=147460"},"modified":"2026-03-11T03:04:31","modified_gmt":"2026-03-11T08:04:31","slug":"jefa-de-gabinete-anuncia-el-inicio-de-ronda-de-dialogos-con-bancadas-del-congreso","status":"publish","type":"post","link":"https:\/\/elinformanteperu.com\/index.php\/2026\/03\/11\/jefa-de-gabinete-anuncia-el-inicio-de-ronda-de-dialogos-con-bancadas-del-congreso\/","title":{"rendered":"Jefa de Gabinete anuncia el inicio de ronda de di\u00e1logos con bancadas del Congreso"},"content":{"rendered":"<p><span style=\"color: #000000;\"><strong>Lima, 10 de marzo 2026 (ANDINA).-<\/strong> La presidenta del Consejo de Ministros, Denisse Miralles, anunci\u00f3 el inicio, a partir de hoy, de la ronda de conversaciones con las distintas bancadas del Congreso, como paso previo al voto de confianza que el Ejecutivo deber\u00e1 solicitar al Congreso de la Rep\u00fablica.<\/span><\/p>\n<p><span style=\"color: #000000;\">Se\u00f1al\u00f3 que la primera reuni\u00f3n programada para esta noche (19:00 horas) es con la bancada de Acci\u00f3n Popular y que en los siguientes d\u00edas se har\u00e1 lo mismo con el resto de los grupos parlamentarios e incluso con los legisladores no agrupados.<\/span><\/p>\n<p><span style=\"color: #000000;\">\u00abLa semana pasada convocamos a las bancadas y el d\u00eda de hoy a las 7 de la noche, es nuestra primera reuni\u00f3n y tenemos programaciones tambi\u00e9n en esta semana. Vamos a tratar de cerrar esta semana con todos los grupos pol\u00edticos\u00bb, dijo durante la conferencia de prensa ofrecida por el Ejecutivo y donde estuvieron presentes el presidente de la rep\u00fablica, Jos\u00e9 Mar\u00eda Balc\u00e1zar, y varios ministros de Estado.<\/span><\/p>\n<p><span style=\"color: #000000;\">La jefa del Gabinete ministerial tambi\u00e9n expres\u00f3 su confianza en que el Congreso les otorgue el voto de confianza que pr\u00f3ximamente deben solicitar.<\/span><\/p>\n<p><span style=\"color: #000000;\">\u00abNosotros confiamos, como dice el se\u00f1or presidente, en que nos escuchen. Muchos han adelantado opini\u00f3n, pero confiamos en que cuando vean el trabajo que se est\u00e1 realizando y lo importante que es que nuestro pa\u00eds necesita estabilidad, nos den ese voto (de confianza)\u00bb, expres\u00f3.<\/span><\/p>\n<p><span style=\"color: #000000;\">Asimismo, a\u00f1adi\u00f3 que esperan entregar un pa\u00eds ordenado para que la siguiente gesti\u00f3n, gane quien gane en las elecciones generales, pueda realizar un trabajo desde el primer momento; \u00aby no tenga que comenzar resolviendo problemas, sino que ya tenga un Estado caminando\u00bb.<\/span><\/p>\n<p><strong><span style=\"color: #000000;\">Acciones frente a El Ni\u00f1o<\/span><\/strong><\/p>\n<p><span style=\"color: #000000;\">En otro momento, Denisse Miralles afirm\u00f3 que el Gobierno tambi\u00e9n sigue atendiendo las emergencias causadas por la rotura del ducto del gas de Camisea, as\u00ed como por los da\u00f1os que vienen causando las lluvias intensas.<\/span><\/p>\n<p><span style=\"color: #000000;\">Anot\u00f3 que para atender la emergencia del Fen\u00f3meno El Ni\u00f1o el 52% de los distritos del pa\u00eds, alrededor de mil distritos, han sido declarados en emergencia, ya sea por peligro inminente o por impacto.<\/span><\/p>\n<p><span style=\"color: #000000;\">Tambi\u00e9n subray\u00f3 que el Gobierno lanzar\u00e1 un observatorio de la emergencia del Fen\u00f3meno El Ni\u00f1o e implementando los canales para que la poblaci\u00f3n sepa c\u00f3mo actuar en caso que su comunidad est\u00e9 afectada o el alcalde conozca c\u00f3mo proceder para que su jurisdicci\u00f3n sea declarada en emergencia, entre otros requerimientos.<\/span><\/p>\n<p><strong><span style=\"color: #000000;\">Mesa t\u00e9cnica en Megantoni<\/span><\/strong><\/p>\n<p><span style=\"color: #000000;\">De otro lado, la titular de la Presidencia del Consejo de Ministros (PCM), manifest\u00f3 que el 26 del presente mes se instalar\u00e1 una Mesa T\u00e9cnica en Megantoni (Cusco) a fin de abordar las necesidades y pedidos de la poblaci\u00f3n.<\/span><\/p>\n<p><span style=\"color: #000000;\">\u00abEl 26 de marzo vamos a estar en Megantoni conversando con ellos, instalando la mesa t\u00e9cnica que han solicitado para tratar todos esos temas que ellos nos est\u00e1n planteando\u00bb, dijo al tiempo de a\u00f1adir que a ra\u00edz de la aver\u00eda en el ducto de gas ocurrida en dicha zona no se ha registrado un impacto a la salud de la poblaci\u00f3n.<\/span><\/p>\n<p><span style=\"color: #000000;\">Se\u00f1al\u00f3 que la comunidad m\u00e1s cercana del KP 43 (lugar de aver\u00eda del ducto) est\u00e1 ubicada a 17 kil\u00f3metros. No obstante, el Ministerio de Salud ha intervenido para evaluar la salud de las comunidades aleda\u00f1as.<\/span><\/p>\n<p><span style=\"color: #000000;\">Finalmente, la jefa del Gabinete ministerial se\u00f1al\u00f3 que el ministro de Salud, Luis Quiroz Avil\u00e9s, ha presentado ante la Presidencia de la Rep\u00fablica su carta de renuncia, pero que la misma est\u00e1 en evaluaci\u00f3n y que a\u00fan no se ha tomado una decisi\u00f3n de si se acepta o no. Sin embargo, descart\u00f3 que existan m\u00e1s renuncias de ministros. \u00abEso no es cierto, no es correcto, no s\u00e9 de d\u00f3nde han sacado esa informaci\u00f3n\u00bb, asever\u00f3.<\/span><\/p>\n","protected":false},"excerpt":{"rendered":"<p>Lima, 10 de marzo 2026 (ANDINA).- La presidenta del Consejo de Ministros, Denisse Miralles, anunci\u00f3 el inicio, a partir de hoy, de la ronda de conversaciones con las distintas bancadas del Congreso, como paso previo al voto de confianza que el Ejecutivo deber\u00e1 solicitar al Congreso de la Rep\u00fablica. Se\u00f1al\u00f3 que la primera reuni\u00f3n programada [&hellip;]<\/p>\n","protected":false},"author":1,"featured_media":147461,"comment_status":"closed","ping_status":"closed","sticky":false,"template":"","format":"standard","meta":{"rop_custom_images_group":[],"rop_custom_messages_group":[],"rop_publish_now":"initial","rop_publish_now_accounts":[],"rop_publish_now_history":[],"rop_publish_now_status":"pending","footnotes":""},"categories":[5],"tags":[8644,4164,8764,189,2317],"class_list":["post-147460","post","type-post","status-publish","format-standard","has-post-thumbnail","hentry","category-actualidad-informativa","tag-denisse-miralles","tag-fenomeno-el-nino","tag-megantoni","tag-pcm","tag-presidencia-del-consejo-de-ministros"],"_links":{"self":[{"href":"https:\/\/elinformanteperu.com\/index.php\/wp-json\/wp\/v2\/posts\/147460","targetHints":{"allow":["GET"]}}],"collection":[{"href":"https:\/\/elinformanteperu.com\/index.php\/wp-json\/wp\/v2\/posts"}],"about":[{"href":"https:\/\/elinformanteperu.com\/index.php\/wp-json\/wp\/v2\/types\/post"}],"author":[{"embeddable":true,"href":"https:\/\/elinformanteperu.com\/index.php\/wp-json\/wp\/v2\/users\/1"}],"replies":[{"embeddable":true,"href":"https:\/\/elinformanteperu.com\/index.php\/wp-json\/wp\/v2\/comments?post=147460"}],"version-history":[{"count":1,"href":"https:\/\/elinformanteperu.com\/index.php\/wp-json\/wp\/v2\/posts\/147460\/revisions"}],"predecessor-version":[{"id":147462,"href":"https:\/\/elinformanteperu.com\/index.php\/wp-json\/wp\/v2\/posts\/147460\/revisions\/147462"}],"wp:featuredmedia":[{"embeddable":true,"href":"https:\/\/elinformanteperu.com\/index.php\/wp-json\/wp\/v2\/media\/147461"}],"wp:attachment":[{"href":"https:\/\/elinformanteperu.com\/index.php\/wp-json\/wp\/v2\/media?parent=147460"}],"wp:term":[{"taxonomy":"category","embeddable":true,"href":"https:\/\/elinformanteperu.com\/index.php\/wp-json\/wp\/v2\/categories?post=147460"},{"taxonomy":"post_tag","embeddable":true,"href":"https:\/\/elinformanteperu.com\/index.php\/wp-json\/wp\/v2\/tags?post=147460"}],"curies":[{"name":"wp","href":"https:\/\/api.w.org\/{rel}","templated":true}]}}