{"id":147454,"date":"2026-03-11T02:56:31","date_gmt":"2026-03-11T07:56:31","guid":{"rendered":"https:\/\/elinformanteperu.com\/?p=147454"},"modified":"2026-03-11T02:56:31","modified_gmt":"2026-03-11T07:56:31","slug":"presidente-balcazar-el-sabado-14-de-marzo-se-reabrira-el-sistema-de-gas-para-los-grifos","status":"publish","type":"post","link":"https:\/\/elinformanteperu.com\/index.php\/2026\/03\/11\/presidente-balcazar-el-sabado-14-de-marzo-se-reabrira-el-sistema-de-gas-para-los-grifos\/","title":{"rendered":"Presidente Balc\u00e1zar: el s\u00e1bado 14 de marzo se reabrir\u00e1 el sistema de gas para los grifos"},"content":{"rendered":"<p><strong><span style=\"color: #000000;\">Se estima que el domingo 15 la distribuci\u00f3n del combustible est\u00e9 plenamente regularizado en Lima y Callao<\/span><\/strong><\/p>\n<p><span style=\"color: #000000;\"><strong>Lima, 10 de marzo 2026 (ANDINA).-<\/strong> El presidente de la rep\u00fablica, Jos\u00e9 Mar\u00eda Balc\u00e1zar, anunci\u00f3 que el s\u00e1bado 14 de marzo se reabrir\u00e1 el sistema de gas natural para las estaciones de servicio y comience el abastecimiento de veh\u00edculos.<\/span><\/p>\n<p><span style=\"color: #000000;\">En conferencia de prensa, anunci\u00f3 que se espera que el sistema de distribuci\u00f3n de gas natural para Lima y Callao estar\u00e1 regularizado este domingo 15 de marzo<\/span><\/p>\n<p><span style=\"color: #000000;\">Indic\u00f3 que Transportadora de Gas del Per\u00fa (TGP) prev\u00e9 culminar este viernes con la instalaci\u00f3n de tuber\u00edas para la reparaci\u00f3n del gasoducto en Megantoni, lo cual permitir\u00e1 iniciar inmediatamente el proceso normalizaci\u00f3n de suministro de gas en el pa\u00eds.<\/span><\/p>\n<p><span style=\"color: #000000;\">\u00abEl s\u00e1bado 14 se reabrir\u00e1 el sistema de gas para los grifos, lo que permitir\u00e1 la reiniciaci\u00f3n de la distribuci\u00f3n de gas natural vehicular y comenzar el abastecimiento progresivo en las estaciones de servicio\u00bb, precis\u00f3.<\/span><\/p>\n<p><span style=\"color: #000000;\">Ese mismo d\u00eda, detall\u00f3, el sistema estar\u00e1 abierto para todos los sectores industriales, asegurando as\u00ed que el transporte p\u00fablico y las industrias puedan acceder nuevamente al combustible.<\/span><\/p>\n<p><span style=\"color: #000000;\">\u00abCon este proceso ordenado y responsable, esperamos que el domingo 15 el sistema de distribuci\u00f3n de gas se encuentre plenamente regularizado en Lima y Callao\u00bb, indic\u00f3.<\/span><\/p>\n<p><a href=\"https:\/\/elinformanteperu.com\/wp-content\/uploads\/2026\/02\/Jose-Maria-Balcazar6.webp\"><img fetchpriority=\"high\" decoding=\"async\" class=\"size-large wp-image-146546 aligncenter\" src=\"https:\/\/elinformanteperu.com\/wp-content\/uploads\/2026\/02\/Jose-Maria-Balcazar6-1024x683.webp\" alt=\"\" width=\"615\" height=\"410\" srcset=\"https:\/\/elinformanteperu.com\/wp-content\/uploads\/2026\/02\/Jose-Maria-Balcazar6-1024x683.webp 1024w, https:\/\/elinformanteperu.com\/wp-content\/uploads\/2026\/02\/Jose-Maria-Balcazar6-300x200.webp 300w, https:\/\/elinformanteperu.com\/wp-content\/uploads\/2026\/02\/Jose-Maria-Balcazar6-768x512.webp 768w, https:\/\/elinformanteperu.com\/wp-content\/uploads\/2026\/02\/Jose-Maria-Balcazar6-1536x1024.webp 1536w, https:\/\/elinformanteperu.com\/wp-content\/uploads\/2026\/02\/Jose-Maria-Balcazar6.webp 1920w\" sizes=\"(max-width: 615px) 100vw, 615px\" \/><\/a><span style=\"color: #000000;\">Adem\u00e1s, ante un mejor escenario al inicialmente previsto, anunci\u00f3 que las clases escolares en las instituciones educativas de Lima y Callao podr\u00e1n retomar la presencialidad del servicio a partir de ma\u00f1ana mi\u00e9rcoles.<\/span><\/p>\n<p><span style=\"color: #000000;\">Ello ser\u00e1 posible, destac\u00f3, por la optimizaci\u00f3n el uso del combustible y la movilidad en la ciudad.<\/span><\/p>\n<p><span style=\"color: #000000;\">De igual manera, inform\u00f3 que se garantiza el inicio de las las clases escolares en las instituciones educativas de todo el pa\u00eds para el pr\u00f3ximo lunes 16 de marzo.<\/span><\/p>\n","protected":false},"excerpt":{"rendered":"<p>Se estima que el domingo 15 la distribuci\u00f3n del combustible est\u00e9 plenamente regularizado en Lima y Callao Lima, 10 de marzo 2026 (ANDINA).- El presidente de la rep\u00fablica, Jos\u00e9 Mar\u00eda Balc\u00e1zar, anunci\u00f3 que el s\u00e1bado 14 de marzo se reabrir\u00e1 el sistema de gas natural para las estaciones de servicio y comience el abastecimiento de [&hellip;]<\/p>\n","protected":false},"author":1,"featured_media":147455,"comment_status":"closed","ping_status":"closed","sticky":false,"template":"","format":"standard","meta":{"rop_custom_images_group":[],"rop_custom_messages_group":[],"rop_publish_now":"initial","rop_publish_now_accounts":[],"rop_publish_now_history":[],"rop_publish_now_status":"pending","footnotes":""},"categories":[5,5745],"tags":[6776],"class_list":["post-147454","post","type-post","status-publish","format-standard","has-post-thumbnail","hentry","category-actualidad-informativa","category-lo-ultimo","tag-jose-maria-balcazar"],"_links":{"self":[{"href":"https:\/\/elinformanteperu.com\/index.php\/wp-json\/wp\/v2\/posts\/147454","targetHints":{"allow":["GET"]}}],"collection":[{"href":"https:\/\/elinformanteperu.com\/index.php\/wp-json\/wp\/v2\/posts"}],"about":[{"href":"https:\/\/elinformanteperu.com\/index.php\/wp-json\/wp\/v2\/types\/post"}],"author":[{"embeddable":true,"href":"https:\/\/elinformanteperu.com\/index.php\/wp-json\/wp\/v2\/users\/1"}],"replies":[{"embeddable":true,"href":"https:\/\/elinformanteperu.com\/index.php\/wp-json\/wp\/v2\/comments?post=147454"}],"version-history":[{"count":1,"href":"https:\/\/elinformanteperu.com\/index.php\/wp-json\/wp\/v2\/posts\/147454\/revisions"}],"predecessor-version":[{"id":147456,"href":"https:\/\/elinformanteperu.com\/index.php\/wp-json\/wp\/v2\/posts\/147454\/revisions\/147456"}],"wp:featuredmedia":[{"embeddable":true,"href":"https:\/\/elinformanteperu.com\/index.php\/wp-json\/wp\/v2\/media\/147455"}],"wp:attachment":[{"href":"https:\/\/elinformanteperu.com\/index.php\/wp-json\/wp\/v2\/media?parent=147454"}],"wp:term":[{"taxonomy":"category","embeddable":true,"href":"https:\/\/elinformanteperu.com\/index.php\/wp-json\/wp\/v2\/categories?post=147454"},{"taxonomy":"post_tag","embeddable":true,"href":"https:\/\/elinformanteperu.com\/index.php\/wp-json\/wp\/v2\/tags?post=147454"}],"curies":[{"name":"wp","href":"https:\/\/api.w.org\/{rel}","templated":true}]}}