{"id":147367,"date":"2026-03-10T11:28:24","date_gmt":"2026-03-10T16:28:24","guid":{"rendered":"https:\/\/elinformanteperu.com\/?p=147367"},"modified":"2026-03-10T11:28:24","modified_gmt":"2026-03-10T16:28:24","slug":"semana-santa-en-junin-supervisan-agencias-de-viajes-y-turismo-para-promover-la-formalidad","status":"publish","type":"post","link":"https:\/\/elinformanteperu.com\/index.php\/2026\/03\/10\/semana-santa-en-junin-supervisan-agencias-de-viajes-y-turismo-para-promover-la-formalidad\/","title":{"rendered":"Semana Santa en Jun\u00edn: supervisan agencias de viajes y turismo para promover la formalidad"},"content":{"rendered":"<p><strong><span style=\"color: #000000;\">Las autoridades de Dircetur verificaron la acreditaci\u00f3n del personal que ofrece las actividades tur\u00edsticas<\/span><\/strong><\/p>\n<p><span style=\"color: #000000;\"><strong>Huancayo, 9 de marzo 2026 (ANDINA).-<\/strong> La Direcci\u00f3n Regional de Comercio Exterior y Turismo (Dircetur) Jun\u00edn ejecut\u00f3 operativos de supervisi\u00f3n en las agencias de viajes y turismo en las ciudades de Huancayo, Jauja y Tarma, con el prop\u00f3sito de promover la formalidad en el sector y garantizar la adecuada prestaci\u00f3n de servicios tur\u00edsticos a los visitantes durante la pr\u00f3xima Semana Santa.<\/span><\/p>\n<p><span style=\"color: #000000;\">Estas acciones se desarrollaron de manera articulada con las municipalidades provinciales de Huancayo, Tarma y Jauja, la Polic\u00eda de Turismo y Seguridad del Estado de la Polic\u00eda Nacional y la Direcci\u00f3n Regional de Trabajo y Promoci\u00f3n del Empleo, instituciones que participaron en la verificaci\u00f3n de los establecimientos dedicados a la actividad tur\u00edstica.<\/span><\/p>\n<p><span style=\"color: #000000;\">Durante la supervisi\u00f3n se revis\u00f3 la documentaci\u00f3n de las agencias de viajes, como licencias de funcionamiento, certificado de Defensa Civil y las condiciones laborales de los trabajadores. Adem\u00e1s, se verific\u00f3 la acreditaci\u00f3n del personal, constatando que cuenten con su respectivo carn\u00e9 y las capacitaciones.<\/span><\/p>\n<p><span style=\"color: #000000;\">Asimismo, se verific\u00f3 la existencia del afiche informativo contra la explotaci\u00f3n sexual de ni\u00f1as, ni\u00f1os y adolescentes (ESSNA) y la placa de identificaci\u00f3n de las agencias. Estas medidas buscan prevenir delitos y promover un turismo responsable.<\/span><\/p>\n<p><a href=\"https:\/\/elinformanteperu.com\/wp-content\/uploads\/2026\/03\/junin-oficina-de-turismo1.webp\"><img fetchpriority=\"high\" decoding=\"async\" class=\"size-full wp-image-147369 aligncenter\" src=\"https:\/\/elinformanteperu.com\/wp-content\/uploads\/2026\/03\/junin-oficina-de-turismo1.webp\" alt=\"\" width=\"500\" height=\"334\" srcset=\"https:\/\/elinformanteperu.com\/wp-content\/uploads\/2026\/03\/junin-oficina-de-turismo1.webp 500w, https:\/\/elinformanteperu.com\/wp-content\/uploads\/2026\/03\/junin-oficina-de-turismo1-300x200.webp 300w\" sizes=\"(max-width: 500px) 100vw, 500px\" \/><\/a><span style=\"color: #000000;\">En la provincia de Tarma, el operativo se ampli\u00f3 a la revisi\u00f3n de establecimientos de hospedaje, donde se verificaron las condiciones de salubridad y el cumplimiento de documentaci\u00f3n, a fin de asegurar una adecuada prestaci\u00f3n del servicio.<\/span><\/p>\n<p><span style=\"color: #000000;\">Como resultado de los operativos se evidenciaron algunos establecimientos en proceso de formalizaci\u00f3n que presentan observaciones relacionadas a la falta de afiches informativos, placas indicativas o documentaci\u00f3n administrativa. Ante ello, se brindaron recomendaciones a los responsables de los locales y se otorg\u00f3 un plazo de cinco d\u00edas h\u00e1biles para regularizar las observaciones.<\/span><\/p>\n<p><strong><span style=\"color: #000000;\">Sin oficina f\u00edsica<\/span><\/strong><\/p>\n<p><span style=\"color: #000000;\">La Dircetur Jun\u00edn identific\u00f3 la presencia de algunos operadores tur\u00edsticos que no cuentan con oficina f\u00edsica formal, quienes estar\u00edan utilizando la v\u00eda p\u00fablica para ofrecer y contratar servicios tur\u00edsticos con los usuarios. Esta pr\u00e1ctica genera condiciones de informalidad en la actividad tur\u00edstica, afecta la transparencia en la contrataci\u00f3n de servicios y puede poner en riesgo la seguridad y los derechos de los visitantes.<\/span><\/p>\n<p><span style=\"color: #000000;\">La directora regional de Dircetur Jun\u00edn, Dania Vila Poma, manifest\u00f3 que la instituci\u00f3n se mantendr\u00e1 vigilante frente a estas malas pr\u00e1cticas e invoc\u00f3 a los prestadores de servicios tur\u00edsticos a operar conforme a la normativa vigente, garantizando condiciones adecuadas de formalidad, seguridad y calidad en la atenci\u00f3n al turista.<\/span><\/p>\n","protected":false},"excerpt":{"rendered":"<p>Las autoridades de Dircetur verificaron la acreditaci\u00f3n del personal que ofrece las actividades tur\u00edsticas Huancayo, 9 de marzo 2026 (ANDINA).- La Direcci\u00f3n Regional de Comercio Exterior y Turismo (Dircetur) Jun\u00edn ejecut\u00f3 operativos de supervisi\u00f3n en las agencias de viajes y turismo en las ciudades de Huancayo, Jauja y Tarma, con el prop\u00f3sito de promover la [&hellip;]<\/p>\n","protected":false},"author":1,"featured_media":147368,"comment_status":"closed","ping_status":"closed","sticky":false,"template":"","format":"standard","meta":{"rop_custom_images_group":[],"rop_custom_messages_group":[],"rop_publish_now":"initial","rop_publish_now_accounts":[],"rop_publish_now_history":[],"rop_publish_now_status":"pending","footnotes":""},"categories":[10],"tags":[],"class_list":["post-147367","post","type-post","status-publish","format-standard","has-post-thumbnail","hentry","category-actualidad-municipal"],"_links":{"self":[{"href":"https:\/\/elinformanteperu.com\/index.php\/wp-json\/wp\/v2\/posts\/147367","targetHints":{"allow":["GET"]}}],"collection":[{"href":"https:\/\/elinformanteperu.com\/index.php\/wp-json\/wp\/v2\/posts"}],"about":[{"href":"https:\/\/elinformanteperu.com\/index.php\/wp-json\/wp\/v2\/types\/post"}],"author":[{"embeddable":true,"href":"https:\/\/elinformanteperu.com\/index.php\/wp-json\/wp\/v2\/users\/1"}],"replies":[{"embeddable":true,"href":"https:\/\/elinformanteperu.com\/index.php\/wp-json\/wp\/v2\/comments?post=147367"}],"version-history":[{"count":1,"href":"https:\/\/elinformanteperu.com\/index.php\/wp-json\/wp\/v2\/posts\/147367\/revisions"}],"predecessor-version":[{"id":147370,"href":"https:\/\/elinformanteperu.com\/index.php\/wp-json\/wp\/v2\/posts\/147367\/revisions\/147370"}],"wp:featuredmedia":[{"embeddable":true,"href":"https:\/\/elinformanteperu.com\/index.php\/wp-json\/wp\/v2\/media\/147368"}],"wp:attachment":[{"href":"https:\/\/elinformanteperu.com\/index.php\/wp-json\/wp\/v2\/media?parent=147367"}],"wp:term":[{"taxonomy":"category","embeddable":true,"href":"https:\/\/elinformanteperu.com\/index.php\/wp-json\/wp\/v2\/categories?post=147367"},{"taxonomy":"post_tag","embeddable":true,"href":"https:\/\/elinformanteperu.com\/index.php\/wp-json\/wp\/v2\/tags?post=147367"}],"curies":[{"name":"wp","href":"https:\/\/api.w.org\/{rel}","templated":true}]}}