{"id":147302,"date":"2026-03-08T13:31:06","date_gmt":"2026-03-08T18:31:06","guid":{"rendered":"https:\/\/elinformanteperu.com\/?p=147302"},"modified":"2026-03-08T13:31:06","modified_gmt":"2026-03-08T18:31:06","slug":"cristal-la-liga-1-rechaza-actos-discriminatorios-y-aseguran-que-investigaran-a-fondo","status":"publish","type":"post","link":"https:\/\/elinformanteperu.com\/index.php\/2026\/03\/08\/cristal-la-liga-1-rechaza-actos-discriminatorios-y-aseguran-que-investigaran-a-fondo\/","title":{"rendered":"Cristal: La Liga 1 rechaza actos discriminatorios y aseguran que investigar\u00e1n a fondo"},"content":{"rendered":"<p><strong><span style=\"color: #000000;\">La entidad futbol\u00edstica dice que de confirmarse los insultos a Cristiano da Silva habr\u00e1 sanci\u00f3n ejemplar<\/span><\/strong><\/p>\n<p><span style=\"color: #000000;\"><strong>Lima, 7 de marzo 2026 (ANDINA).-<\/strong> Tras la denuncia por presunto insulto racista realizada por Sporting Cristal, la Liga de F\u00fatbol Profesional Peruana rechaz\u00f3 de manera categ\u00f3rica cualquier acto de discriminaci\u00f3n, dentro y fuera de los estadios. Durante el encuentro jugado el \u00faltimo s\u00e1bado entre Cristal y Alianza Atl\u00e9tico, en el Estadio Alberto Gallardo, se <\/span><br \/>\n<span style=\"color: #000000;\">habr\u00eda producido insultos racistas proferidos contra el jugador brasile\u00f1o Cristiano da Silva por el futbolista argentino Franco Coronel. El \u00e1rbitro central Daniel Ureta activ\u00f3, por primera vez en la Liga 1, el protocolo antiracismo, al mostrar los brazos en cruz y le mostr\u00f3 la tarjeta roja al director t\u00e9cnico de Alianza Atl\u00e9tico, el argentino Federico Urciuoli.<\/span><\/p>\n<p><span style=\"color: #000000;\">Seg\u00fan el director deportivo de Cristal, Gustavo Zevallos, Franco le dijo \u00abmacaco\u00bb a Da Silva y agreg\u00f3 no entender \u00abc\u00f3mo un futbolista extranjero, al que se le da la oportunidad en Per\u00fa, puede hacer esto\u00bb.<\/span><\/p>\n<p><span style=\"color: #000000;\">El representante de Cristal anunci\u00f3 que van a pedir sanciones dr\u00e1sticas porque esta situaci\u00f3n \u00abno puede suceder en el pa\u00eds\u00bb.<\/span><\/p>\n<p><strong><span style=\"color: #000000;\">La Liga 1 se pronuncia<\/span><\/strong><\/p>\n<p><span style=\"color: #000000;\">Luego del incidente, La Liga1 conden\u00f3 de manera en\u00e9rgica el presunto acto de racismo y anunci\u00f3 una investigaci\u00f3n a fondo.<\/span><\/p>\n<p><span style=\"color: #000000;\">\u00abEn la Liga de F\u00fatbol Profesional Peruana rechazamos de manera categ\u00f3rica cualquier acto de discriminaci\u00f3n, dentro y fuera de los estadios\u00bb, asegura el comunicado emitido.<\/span><\/p>\n<p><span style=\"color: #000000;\">Agrega: \u00abDurante el encuentro entre Sporting Cristal y Alianza Atl\u00e9tico, se activ\u00f3 el protocolo correspondiente ante un presunto acto de racismo contra el futbolista Cristiano Da Silva\u00bb.<\/span><\/p>\n<p><span style=\"color: #000000;\">Finalmente, indican que \u00abel caso ser\u00e1 evaluado por la Comisi\u00f3n Disciplinaria y, de confirmarse, se aplicar\u00e1n las sanciones correspondientes\u00bb, culmin\u00f3.<\/span><\/p>\n<p><iframe title=\"Sporting Cristal 3-1 Alianza Atl\u00e9tico: resumen de hoy, mejores jugadas y goles | #Liga1TeApuesto2026\" width=\"615\" height=\"346\" src=\"https:\/\/www.youtube.com\/embed\/xeZX9Vyg-og?feature=oembed\" frameborder=\"0\" allow=\"accelerometer; autoplay; clipboard-write; encrypted-media; gyroscope; picture-in-picture; web-share\" referrerpolicy=\"strict-origin-when-cross-origin\" allowfullscreen><\/iframe><\/p>\n","protected":false},"excerpt":{"rendered":"<p>La entidad futbol\u00edstica dice que de confirmarse los insultos a Cristiano da Silva habr\u00e1 sanci\u00f3n ejemplar Lima, 7 de marzo 2026 (ANDINA).- Tras la denuncia por presunto insulto racista realizada por Sporting Cristal, la Liga de F\u00fatbol Profesional Peruana rechaz\u00f3 de manera categ\u00f3rica cualquier acto de discriminaci\u00f3n, dentro y fuera de los estadios. Durante el [&hellip;]<\/p>\n","protected":false},"author":1,"featured_media":147297,"comment_status":"closed","ping_status":"closed","sticky":false,"template":"","format":"standard","meta":{"rop_custom_images_group":[],"rop_custom_messages_group":[],"rop_publish_now":"initial","rop_publish_now_accounts":[],"rop_publish_now_history":[],"rop_publish_now_status":"pending","footnotes":""},"categories":[8],"tags":[],"class_list":["post-147302","post","type-post","status-publish","format-standard","has-post-thumbnail","hentry","category-disciplinas-deportivas"],"_links":{"self":[{"href":"https:\/\/elinformanteperu.com\/index.php\/wp-json\/wp\/v2\/posts\/147302","targetHints":{"allow":["GET"]}}],"collection":[{"href":"https:\/\/elinformanteperu.com\/index.php\/wp-json\/wp\/v2\/posts"}],"about":[{"href":"https:\/\/elinformanteperu.com\/index.php\/wp-json\/wp\/v2\/types\/post"}],"author":[{"embeddable":true,"href":"https:\/\/elinformanteperu.com\/index.php\/wp-json\/wp\/v2\/users\/1"}],"replies":[{"embeddable":true,"href":"https:\/\/elinformanteperu.com\/index.php\/wp-json\/wp\/v2\/comments?post=147302"}],"version-history":[{"count":1,"href":"https:\/\/elinformanteperu.com\/index.php\/wp-json\/wp\/v2\/posts\/147302\/revisions"}],"predecessor-version":[{"id":147303,"href":"https:\/\/elinformanteperu.com\/index.php\/wp-json\/wp\/v2\/posts\/147302\/revisions\/147303"}],"wp:featuredmedia":[{"embeddable":true,"href":"https:\/\/elinformanteperu.com\/index.php\/wp-json\/wp\/v2\/media\/147297"}],"wp:attachment":[{"href":"https:\/\/elinformanteperu.com\/index.php\/wp-json\/wp\/v2\/media?parent=147302"}],"wp:term":[{"taxonomy":"category","embeddable":true,"href":"https:\/\/elinformanteperu.com\/index.php\/wp-json\/wp\/v2\/categories?post=147302"},{"taxonomy":"post_tag","embeddable":true,"href":"https:\/\/elinformanteperu.com\/index.php\/wp-json\/wp\/v2\/tags?post=147302"}],"curies":[{"name":"wp","href":"https:\/\/api.w.org\/{rel}","templated":true}]}}