{"id":147299,"date":"2026-03-08T13:18:36","date_gmt":"2026-03-08T18:18:36","guid":{"rendered":"https:\/\/elinformanteperu.com\/?p=147299"},"modified":"2026-03-08T13:18:36","modified_gmt":"2026-03-08T18:18:36","slug":"sporting-cristal-presentara-denuncia-por-actos-racistas-contra-cristiano-da-silva","status":"publish","type":"post","link":"https:\/\/elinformanteperu.com\/index.php\/2026\/03\/08\/sporting-cristal-presentara-denuncia-por-actos-racistas-contra-cristiano-da-silva\/","title":{"rendered":"Sporting Cristal presentar\u00e1 denuncia por actos racistas contra Cristiano da Silva"},"content":{"rendered":"<p><strong><span style=\"color: #000000;\">El director deportivo del cuadro celeste asegur\u00f3 que exigir\u00e1n sanciones dr\u00e1sticas por lo sucedido.<\/span><\/strong><\/p>\n<p><span style=\"color: #000000;\"><strong>Lima, 7 de marzo 2026 (ANDINA).-<\/strong> Gustavo Zevallos, director deportivo de Sporting Cristal, asegur\u00f3 que la instituci\u00f3n celeste presentar\u00e1 un reclamo y exgir\u00e1 una sanci\u00f3n dr\u00e1stica por los actos racistas que sufri\u00f3 el brasile\u00f1o Cristiano da Silva.<\/span><\/p>\n<p><span style=\"color: #000000;\">Sporting Cristal derrot\u00f3 3-1 a Alianza Atl\u00e9tico por la fecha 6 del Torneo Apertura; sin embargo, la victoria de los celestes qued\u00f3 opacada por los actos racistas que habr\u00eda sufrido el brasile\u00f1o Cristiano da Silva por parte del argentino Franco Coronel.<\/span><\/p>\n<p><span style=\"color: #000000;\">En las im\u00e1genes de la transmisi\u00f3n, se puede observar que hubo un intercambio de palabras entre ambos jugadores en el desarrollo de una jugada, y ser\u00eda en ese momento cuando ocurri\u00f3 el acto discriminatorio.<\/span><\/p>\n<p><span style=\"color: #000000;\">En la banca de suplentes, se gest\u00f3 una gresca enorme entre jugadores de ambos planteles. Incluso, el juez principal Daniel Ureta activ\u00f3 el protocolo antiracismo al hacer el gesto de la equis con los brazos; sin embargo, no expuls\u00f3 a ning\u00fan jugador de campo, solamente le mostr\u00f3 la tarjeta roja al entrenador Federico Urciuoli.<\/span><\/p>\n<p><strong><span style=\"color: #000000;\">\u00abLe dijo macaco\u00bb<\/span><\/strong><\/p>\n<p><span style=\"color: #000000;\">Despu\u00e9s del partido, el director deportivo de Sporting Cristal, Gustavo Zevallos, revel\u00f3 lo que le habr\u00eda dicho Coronel a Cristiano. Asimismo, asegur\u00f3 que \u00abno entiendo c\u00f3mo un futbolista extranjero, que se le da la oportunidad en el Per\u00fa, puede hacer esto\u00bb.<\/span><\/p>\n<p><span style=\"color: #000000;\">Zevallos se mostr\u00f3 muy mortificado por lo ocurrido, ya que \u00abson rivales, pero son seres humanos, esto es lamentable\u00bb. Una situaci\u00f3n complicada que derivar\u00eda en una r\u00e1pida respuesta por parte de Sporting Cristal.<\/span><\/p>\n<p><span style=\"color: #000000;\">\u00abVamos a pedir sanciones dr\u00e1sticas porque esto no puede suceder en el pa\u00eds, Vamos a trabajar inmediatamente para ma\u00f1ana presentar la denuncia a primera hora\u00bb, a\u00f1adi\u00f3 Zevallos de forma tajante.<\/span><\/p>\n<p><span style=\"color: #000000;\">Asimismo, el entrenador Paulo Autuori asegur\u00f3 en conferencia de prensa que \u00ablo que no puede pasar es que la jueza de l\u00ednea diga que (eso) no importa. Eso cre\u00f3 m\u00e1s bronca entre nosotros\u00bb, lo cual dejar\u00eda mucho que desear acerca del accionar de los jueces.<\/span><\/p>\n<p><span style=\"color: #000000;\">Por otro lado, el asistente t\u00e9cnico de Alianza Atl\u00e9tico, Pablo Trento mencion\u00f3 que \u00abno tuvimos la posibilidad de ver qu\u00e9 pasaba porque tuvimos a 15 jugadores de cristal encima nuestro que nos ped\u00edan que nos calm\u00e1ramos. Si hubo acci\u00f3n de racismo, no lo s\u00e9\u00bb.<\/span><\/p>\n<blockquote class=\"twitter-tweet\">\n<p dir=\"ltr\" lang=\"pt\">Comunicado Oficial <a href=\"https:\/\/t.co\/ohGNqq4PQG\">pic.twitter.com\/ohGNqq4PQG<\/a><\/p>\n<p>\u2014 Club Sporting Cristal (@ClubSCristal) <a href=\"https:\/\/twitter.com\/ClubSCristal\/status\/2030428476629561593?ref_src=twsrc%5Etfw\">March 7, 2026<\/a><\/p><\/blockquote>\n<p><script async src=\"https:\/\/platform.twitter.com\/widgets.js\" charset=\"utf-8\"><\/script><\/p>\n","protected":false},"excerpt":{"rendered":"<p>El director deportivo del cuadro celeste asegur\u00f3 que exigir\u00e1n sanciones dr\u00e1sticas por lo sucedido. Lima, 7 de marzo 2026 (ANDINA).- Gustavo Zevallos, director deportivo de Sporting Cristal, asegur\u00f3 que la instituci\u00f3n celeste presentar\u00e1 un reclamo y exgir\u00e1 una sanci\u00f3n dr\u00e1stica por los actos racistas que sufri\u00f3 el brasile\u00f1o Cristiano da Silva. Sporting Cristal derrot\u00f3 3-1 [&hellip;]<\/p>\n","protected":false},"author":1,"featured_media":147300,"comment_status":"closed","ping_status":"closed","sticky":false,"template":"","format":"standard","meta":{"rop_custom_images_group":[],"rop_custom_messages_group":[],"rop_publish_now":"initial","rop_publish_now_accounts":[],"rop_publish_now_history":[],"rop_publish_now_status":"pending","footnotes":""},"categories":[8],"tags":[250,8703,200],"class_list":["post-147299","post","type-post","status-publish","format-standard","has-post-thumbnail","hentry","category-disciplinas-deportivas","tag-alianza-atletico","tag-apertura-de-la-liga-1-2026","tag-sporting-cristal"],"_links":{"self":[{"href":"https:\/\/elinformanteperu.com\/index.php\/wp-json\/wp\/v2\/posts\/147299","targetHints":{"allow":["GET"]}}],"collection":[{"href":"https:\/\/elinformanteperu.com\/index.php\/wp-json\/wp\/v2\/posts"}],"about":[{"href":"https:\/\/elinformanteperu.com\/index.php\/wp-json\/wp\/v2\/types\/post"}],"author":[{"embeddable":true,"href":"https:\/\/elinformanteperu.com\/index.php\/wp-json\/wp\/v2\/users\/1"}],"replies":[{"embeddable":true,"href":"https:\/\/elinformanteperu.com\/index.php\/wp-json\/wp\/v2\/comments?post=147299"}],"version-history":[{"count":1,"href":"https:\/\/elinformanteperu.com\/index.php\/wp-json\/wp\/v2\/posts\/147299\/revisions"}],"predecessor-version":[{"id":147301,"href":"https:\/\/elinformanteperu.com\/index.php\/wp-json\/wp\/v2\/posts\/147299\/revisions\/147301"}],"wp:featuredmedia":[{"embeddable":true,"href":"https:\/\/elinformanteperu.com\/index.php\/wp-json\/wp\/v2\/media\/147300"}],"wp:attachment":[{"href":"https:\/\/elinformanteperu.com\/index.php\/wp-json\/wp\/v2\/media?parent=147299"}],"wp:term":[{"taxonomy":"category","embeddable":true,"href":"https:\/\/elinformanteperu.com\/index.php\/wp-json\/wp\/v2\/categories?post=147299"},{"taxonomy":"post_tag","embeddable":true,"href":"https:\/\/elinformanteperu.com\/index.php\/wp-json\/wp\/v2\/tags?post=147299"}],"curies":[{"name":"wp","href":"https:\/\/api.w.org\/{rel}","templated":true}]}}