{"id":147288,"date":"2026-03-08T10:28:55","date_gmt":"2026-03-08T15:28:55","guid":{"rendered":"https:\/\/elinformanteperu.com\/?p=147288"},"modified":"2026-03-08T10:28:55","modified_gmt":"2026-03-08T15:28:55","slug":"shakira-y-beele-escucha-aqui-su-ultimo-sencillo","status":"publish","type":"post","link":"https:\/\/elinformanteperu.com\/index.php\/2026\/03\/08\/shakira-y-beele-escucha-aqui-su-ultimo-sencillo\/","title":{"rendered":"Shakira y Be\u00e9le: escucha aqu\u00ed su \u00faltimo sencillo"},"content":{"rendered":"<p><span style=\"color: #000000;\"><strong>Lima, 6 de marzo 2026 (ANDINA).-<\/strong> Shakira y Be\u00e9le presentaron el tema en vivo en el Z\u00f3calo de la Ciudad de M\u00e9xico, que se convirti\u00f3 en el evento m\u00e1s multitudinario en la historia del lugar. Interpretando \u201cAlgo t\u00fa\u201d ante m\u00e1s de 400.000 fans, Shakira y Be\u00e9le electrizaron la plaza y generaron gran expectativa por el lanzamiento de la canci\u00f3n.<\/span><\/p>\n<p><span style=\"color: #000000;\">Sus estilos se complementan a la perfecci\u00f3n en el track, resultando en una fusi\u00f3n incre\u00edble de latino y afro, con un gui\u00f1o a instrumentos aut\u00f3ctonos y sonidos como la gaita colombiana (flauta), recordando la ciudad de Barranquilla, donde Shakira y Be\u00e9le nacieron.<\/span><\/p>\n<p><span style=\"color: #000000;\">Esta es la segunda colaboraci\u00f3n entre Shakira y Be\u00e9le, tras trabajar juntos en 2025 en la versi\u00f3n de su hit global \u201cHips Don\u2019t Lie\u201d junto a Ed Sheeran y Be\u00e9le para la serie Spotify Anniversary en celebraci\u00f3n de su \u00e1lbum Oral Fixation, Vol. 2. (2005).<\/span><\/p>\n<p><span style=\"color: #000000;\">Este concierto ha generado a\u00fan m\u00e1s expectativa para el regreso de Shakira a la playa de Copacabana, en R\u00edo de Janeiro, donde se presentar\u00e1 en el concierto Todo Mundo No Rio el pr\u00f3ximo 2 de mayo. Este show gratuito ser\u00e1 un vibrante espect\u00e1culo en el que Shakira interpretar\u00e1 sus mayores \u00e9xitos a lo largo de toda su carrera y continuar\u00e1 su \u00e9pica gira mundial durante 2026.<\/span><\/p>\n<p><span style=\"color: #000000;\">El lanzamiento de \u201cAlgo t\u00fa\u201d llega luego de que Shakira fuese coronada por Billboard por la \u201cgira hispana m\u00e1s taquillera de todos los tiempos\u201d, con su reciente Las Mujeres Ya No Lloran World Tour, que alcanz\u00f3 ingresos brutos de $421,6 millones e incluy\u00f3 82 shows de estadio en todo Estados Unidos y Latinoam\u00e9rica, con m\u00e1s de 3,3 millones de asistentes.<\/span><\/p>\n<p><span style=\"color: #000000;\">Continuando con este emocionante a\u00f1o, Shakira acaba de ser anunciada como nominada al Sal\u00f3n de la Fama del Rock &amp; Roll 2026. Este prestigioso reconocimiento ser\u00e1 sometido a votaci\u00f3n y anunciado durante la ceremonia de inducci\u00f3n al Sal\u00f3n de la Fama del Rock &amp; Roll 2026.<\/span><\/p>\n<p><iframe title=\"Shakira &amp; Be\u00e9le - ALGO T\u00da (Official Lyric Video)\" width=\"615\" height=\"346\" src=\"https:\/\/www.youtube.com\/embed\/DKyvZY5zf_U?feature=oembed\" frameborder=\"0\" allow=\"accelerometer; autoplay; clipboard-write; encrypted-media; gyroscope; picture-in-picture; web-share\" referrerpolicy=\"strict-origin-when-cross-origin\" allowfullscreen><\/iframe><\/p>\n","protected":false},"excerpt":{"rendered":"<p>Lima, 6 de marzo 2026 (ANDINA).- Shakira y Be\u00e9le presentaron el tema en vivo en el Z\u00f3calo de la Ciudad de M\u00e9xico, que se convirti\u00f3 en el evento m\u00e1s multitudinario en la historia del lugar. Interpretando \u201cAlgo t\u00fa\u201d ante m\u00e1s de 400.000 fans, Shakira y Be\u00e9le electrizaron la plaza y generaron gran expectativa por el [&hellip;]<\/p>\n","protected":false},"author":1,"featured_media":147289,"comment_status":"closed","ping_status":"closed","sticky":false,"template":"","format":"standard","meta":{"rop_custom_images_group":[],"rop_custom_messages_group":[],"rop_publish_now":"initial","rop_publish_now_accounts":[],"rop_publish_now_history":[],"rop_publish_now_status":"pending","footnotes":""},"categories":[69],"tags":[8770,220],"class_list":["post-147288","post","type-post","status-publish","format-standard","has-post-thumbnail","hentry","category-musica","tag-beele","tag-shakira"],"_links":{"self":[{"href":"https:\/\/elinformanteperu.com\/index.php\/wp-json\/wp\/v2\/posts\/147288","targetHints":{"allow":["GET"]}}],"collection":[{"href":"https:\/\/elinformanteperu.com\/index.php\/wp-json\/wp\/v2\/posts"}],"about":[{"href":"https:\/\/elinformanteperu.com\/index.php\/wp-json\/wp\/v2\/types\/post"}],"author":[{"embeddable":true,"href":"https:\/\/elinformanteperu.com\/index.php\/wp-json\/wp\/v2\/users\/1"}],"replies":[{"embeddable":true,"href":"https:\/\/elinformanteperu.com\/index.php\/wp-json\/wp\/v2\/comments?post=147288"}],"version-history":[{"count":2,"href":"https:\/\/elinformanteperu.com\/index.php\/wp-json\/wp\/v2\/posts\/147288\/revisions"}],"predecessor-version":[{"id":147291,"href":"https:\/\/elinformanteperu.com\/index.php\/wp-json\/wp\/v2\/posts\/147288\/revisions\/147291"}],"wp:featuredmedia":[{"embeddable":true,"href":"https:\/\/elinformanteperu.com\/index.php\/wp-json\/wp\/v2\/media\/147289"}],"wp:attachment":[{"href":"https:\/\/elinformanteperu.com\/index.php\/wp-json\/wp\/v2\/media?parent=147288"}],"wp:term":[{"taxonomy":"category","embeddable":true,"href":"https:\/\/elinformanteperu.com\/index.php\/wp-json\/wp\/v2\/categories?post=147288"},{"taxonomy":"post_tag","embeddable":true,"href":"https:\/\/elinformanteperu.com\/index.php\/wp-json\/wp\/v2\/tags?post=147288"}],"curies":[{"name":"wp","href":"https:\/\/api.w.org\/{rel}","templated":true}]}}