{"id":147282,"date":"2026-03-07T13:03:20","date_gmt":"2026-03-07T18:03:20","guid":{"rendered":"https:\/\/elinformanteperu.com\/?p=147282"},"modified":"2026-03-07T13:03:20","modified_gmt":"2026-03-07T18:03:20","slug":"en-el-marco-del-dia-internacional-de-la-mujer-el-tc-organizo-conferencia","status":"publish","type":"post","link":"https:\/\/elinformanteperu.com\/index.php\/2026\/03\/07\/en-el-marco-del-dia-internacional-de-la-mujer-el-tc-organizo-conferencia\/","title":{"rendered":"En el marco del D\u00eda Internacional de la Mujer, el TC organiz\u00f3 conferencia"},"content":{"rendered":"<p><span style=\"color: #000000;\"><strong>Lima, 6 de marzo 2026 (El Informante Per\u00fa).-<\/strong> El Centro de Estudios Constitucionales del Tribunal Constitucional (TC) organiz\u00f3 la conferencia internacional \u00abDerecho y diferencias. Reflexiones en perspectiva de g\u00e9nero\u00bb, en el marco del D\u00eda Internacional de la Mujer, que se conmemora el 8 de marzo.<\/span><\/p>\n<p><span style=\"color: #000000;\">Entre los expositores estuvo el magistrado del TC, C\u00e9sar Ochoa Cardich, director general del CEC, quien coment\u00f3 la sentencia reca\u00edda en el expediente n.\u00b0 01844-2021-PA\/TC, que declar\u00f3 fundada la demanda de amparo de Norka Almonte Torres, a quien la Comandancia General del Ej\u00e9rcito pas\u00f3 al retiro por medida disciplinaria al atribuirle el motivar o influenciar a cometer actos contrarios a la disciplina a otro oficial del Ej\u00e9rcito, pese a estar casada con otro miembro de la misma instituci\u00f3n castrense, lo que era un estereotipo de g\u00e9nero.<\/span><\/p>\n<p><span style=\"color: #000000;\">La segunda ponente fue la profesora de Filosof\u00eda del Derecho de la Universidad de Brescia, Italia, Susanna Pozzolo, quien sostuvo que los estereotipos se han definido como &#8216;creencias&#8217;, &#8216;ideas&#8217; o &#8216;im\u00e1genes mentales&#8217; representativas de ciertos grupos caracterizados por su inmutabilidad o est\u00e1tica. Asever\u00f3 que el estereotipo a menudo tiene connotaciones negativas. Es sin\u00f3nimo de &#8216;prejuicio&#8217;. Se basa en creencias il\u00f3gicas, que derivan de la ignorancia o el miedo, lo que conduce a comportamientos injustos, discriminatorios o simplemente infundados hacia ciertos grupos.<\/span><\/p>\n<p><span style=\"color: #000000;\">La siguiente expositora fue la asesora jurisdiccional del TC, Sofia Janett Donaires Vega. Ella explic\u00f3 la demanda reca\u00edda en el expediente 02695-2021-AA, interpuesta por Andrea Canales Caballero contra el Registro Nacional de Identificaci\u00f3n y Estado Civil (Reniec), y que fue declarada fundada por el TC, por haberse acreditado la vulneraci\u00f3n del derecho a la igualdad y no discriminaci\u00f3n en raz\u00f3n del sexo de la demandante en la elecci\u00f3n del orden de los apellidos de su menor hija, as\u00ed como el derecho a identidad de la ni\u00f1a. Antes de la sentencia, Reniec antepon\u00eda obligatoriamente el apellido del padre al de la madre, sin darle la oportunidad a los progenitores de poder elegir libremente ese orden, conforme al art\u00edculo 20 del C\u00f3digo Civil.<\/span><\/p>\n<p><span style=\"color: #000000;\">La \u00faltima ponente fue la investigadora de la Universidad de Brescia, Italia, Natalina Stamile, quien reflexion\u00f3 sobre c\u00f3mo se relaciona el derecho moderno y las diferencias de g\u00e9nero o perspectiva de g\u00e9nero, que permiten investigar c\u00f3mo se formaron y comprender qu\u00e9 parte de la humanidad tuvo el poder de afirmar sus verdades como si fueran universales. Asever\u00f3 que, en el debate contempor\u00e1neo, las diferencias suelen abordarse principalmente en t\u00e9rminos de reconocimientos de identidades, minor\u00edas o diversidades culturales.<\/span><\/p>\n<p><span style=\"color: #000000;\">Este evento acad\u00e9mico fue virtual mediante las plataformas Zoom y Facebook Live del CEC y fue moderado por la encargada de la direcci\u00f3n acad\u00e9mica del CEC, Mar\u00eda Candelaria Quispe Ponce, y cont\u00f3 con la participaci\u00f3n de 500 asistentes.<\/span><\/p>\n<p><span style=\"color: #000000;\">Para ver esta conferencia ingrese a: <strong>https:\/\/www.youtube.com\/watch?v=t5EuDjJfvAw<\/strong><\/span><\/p>\n","protected":false},"excerpt":{"rendered":"<p>Lima, 6 de marzo 2026 (El Informante Per\u00fa).- El Centro de Estudios Constitucionales del Tribunal Constitucional (TC) organiz\u00f3 la conferencia internacional \u00abDerecho y diferencias. Reflexiones en perspectiva de g\u00e9nero\u00bb, en el marco del D\u00eda Internacional de la Mujer, que se conmemora el 8 de marzo. Entre los expositores estuvo el magistrado del TC, C\u00e9sar Ochoa [&hellip;]<\/p>\n","protected":false},"author":1,"featured_media":147283,"comment_status":"closed","ping_status":"closed","sticky":false,"template":"","format":"standard","meta":{"rop_custom_images_group":[],"rop_custom_messages_group":[],"rop_publish_now":"initial","rop_publish_now_accounts":[],"rop_publish_now_history":[],"rop_publish_now_status":"pending","footnotes":""},"categories":[10],"tags":[],"class_list":["post-147282","post","type-post","status-publish","format-standard","has-post-thumbnail","hentry","category-actualidad-municipal"],"_links":{"self":[{"href":"https:\/\/elinformanteperu.com\/index.php\/wp-json\/wp\/v2\/posts\/147282","targetHints":{"allow":["GET"]}}],"collection":[{"href":"https:\/\/elinformanteperu.com\/index.php\/wp-json\/wp\/v2\/posts"}],"about":[{"href":"https:\/\/elinformanteperu.com\/index.php\/wp-json\/wp\/v2\/types\/post"}],"author":[{"embeddable":true,"href":"https:\/\/elinformanteperu.com\/index.php\/wp-json\/wp\/v2\/users\/1"}],"replies":[{"embeddable":true,"href":"https:\/\/elinformanteperu.com\/index.php\/wp-json\/wp\/v2\/comments?post=147282"}],"version-history":[{"count":1,"href":"https:\/\/elinformanteperu.com\/index.php\/wp-json\/wp\/v2\/posts\/147282\/revisions"}],"predecessor-version":[{"id":147284,"href":"https:\/\/elinformanteperu.com\/index.php\/wp-json\/wp\/v2\/posts\/147282\/revisions\/147284"}],"wp:featuredmedia":[{"embeddable":true,"href":"https:\/\/elinformanteperu.com\/index.php\/wp-json\/wp\/v2\/media\/147283"}],"wp:attachment":[{"href":"https:\/\/elinformanteperu.com\/index.php\/wp-json\/wp\/v2\/media?parent=147282"}],"wp:term":[{"taxonomy":"category","embeddable":true,"href":"https:\/\/elinformanteperu.com\/index.php\/wp-json\/wp\/v2\/categories?post=147282"},{"taxonomy":"post_tag","embeddable":true,"href":"https:\/\/elinformanteperu.com\/index.php\/wp-json\/wp\/v2\/tags?post=147282"}],"curies":[{"name":"wp","href":"https:\/\/api.w.org\/{rel}","templated":true}]}}