{"id":147275,"date":"2026-03-07T12:12:06","date_gmt":"2026-03-07T17:12:06","guid":{"rendered":"https:\/\/elinformanteperu.com\/?p=147275"},"modified":"2026-03-07T12:12:06","modified_gmt":"2026-03-07T17:12:06","slug":"ayacucho-essalud-se-sumo-a-labores-de-rescate-evacuacion-y-atencion-tras-desborde-de-rio","status":"publish","type":"post","link":"https:\/\/elinformanteperu.com\/index.php\/2026\/03\/07\/ayacucho-essalud-se-sumo-a-labores-de-rescate-evacuacion-y-atencion-tras-desborde-de-rio\/","title":{"rendered":"Ayacucho: EsSalud se sum\u00f3 a labores de rescate, evacuaci\u00f3n y atenci\u00f3n tras desborde de r\u00edo"},"content":{"rendered":"<p><strong><span style=\"color: #000000;\">La posta m\u00e9dica de San Francisco no ha suspendido las atenciones a la poblaci\u00f3n asegurada<\/span><\/strong><\/p>\n<p><span style=\"color: #000000;\"><strong>Ayacucho, 6 de marzo 2026 (ANDINA).-<\/strong> Tras la activaci\u00f3n de una quebrada y el desborde del r\u00edo Sanquirhuato, que provocaron esta madrugada inundaciones en el distrito de Ayna, provincia ayacuchana de La Mar, el personal de la posta m\u00e9dica de EsSalud en San Francisco se sum\u00f3 de inmediato a las labores de rescate, evacuaci\u00f3n y atenci\u00f3n de los damnificados, inform\u00f3 la Red Asistencial Ayacucho del Seguro Social de Salud (EsSalud).<\/span><\/p>\n<p><span style=\"color: #000000;\">La emergencia se produjo en horas de la madrugada del viernes 6 de marzo tras precipitaciones pluviales intensas que ocasionaron el incremento del caudal del r\u00edo y la activaci\u00f3n de una quebrada en la localidad de San Francisco, capital de Ayna, lo que gener\u00f3 inundaciones que afectaron viviendas y v\u00edas de acceso en esta localidad del Vraem.<\/span><\/p>\n<p><span style=\"color: #000000;\">Como parte de la primera respuesta frente a desastres naturales, el personal de la posta m\u00e9dica de EsSalud en San Francisco trabaja de manera articulada con las instituciones que integran el Sistema Nacional de Defensa Civil. La posta no ha suspendido las atenciones a la poblaci\u00f3n asegurada.<\/span><\/p>\n<p><span style=\"color: #000000;\">EsSalud Ayacucho continuar\u00e1 con el monitoreo de la situaci\u00f3n y la coordinaci\u00f3n de acciones con las autoridades locales y las instituciones de primera respuesta, con el objetivo de salvaguardar la salud y el bienestar de la poblaci\u00f3n afectada.<\/span><\/p>\n<p><a href=\"https:\/\/elinformanteperu.com\/wp-content\/uploads\/2026\/02\/huaico-lucanamarca-ayacucho.webp\"><img fetchpriority=\"high\" decoding=\"async\" class=\"size-large wp-image-146629 aligncenter\" src=\"https:\/\/elinformanteperu.com\/wp-content\/uploads\/2026\/02\/huaico-lucanamarca-ayacucho-1024x683.webp\" alt=\"\" width=\"615\" height=\"410\" srcset=\"https:\/\/elinformanteperu.com\/wp-content\/uploads\/2026\/02\/huaico-lucanamarca-ayacucho-1024x683.webp 1024w, https:\/\/elinformanteperu.com\/wp-content\/uploads\/2026\/02\/huaico-lucanamarca-ayacucho-300x200.webp 300w, https:\/\/elinformanteperu.com\/wp-content\/uploads\/2026\/02\/huaico-lucanamarca-ayacucho-768x512.webp 768w, https:\/\/elinformanteperu.com\/wp-content\/uploads\/2026\/02\/huaico-lucanamarca-ayacucho-1536x1025.webp 1536w, https:\/\/elinformanteperu.com\/wp-content\/uploads\/2026\/02\/huaico-lucanamarca-ayacucho.webp 1800w\" sizes=\"(max-width: 615px) 100vw, 615px\" \/><\/a><\/p>\n","protected":false},"excerpt":{"rendered":"<p>La posta m\u00e9dica de San Francisco no ha suspendido las atenciones a la poblaci\u00f3n asegurada Ayacucho, 6 de marzo 2026 (ANDINA).- Tras la activaci\u00f3n de una quebrada y el desborde del r\u00edo Sanquirhuato, que provocaron esta madrugada inundaciones en el distrito de Ayna, provincia ayacuchana de La Mar, el personal de la posta m\u00e9dica de [&hellip;]<\/p>\n","protected":false},"author":1,"featured_media":147276,"comment_status":"closed","ping_status":"closed","sticky":false,"template":"","format":"standard","meta":{"rop_custom_images_group":[],"rop_custom_messages_group":[],"rop_publish_now":"initial","rop_publish_now_accounts":[],"rop_publish_now_history":[],"rop_publish_now_status":"pending","footnotes":""},"categories":[10],"tags":[3801],"class_list":["post-147275","post","type-post","status-publish","format-standard","has-post-thumbnail","hentry","category-actualidad-municipal","tag-ayacucho"],"_links":{"self":[{"href":"https:\/\/elinformanteperu.com\/index.php\/wp-json\/wp\/v2\/posts\/147275","targetHints":{"allow":["GET"]}}],"collection":[{"href":"https:\/\/elinformanteperu.com\/index.php\/wp-json\/wp\/v2\/posts"}],"about":[{"href":"https:\/\/elinformanteperu.com\/index.php\/wp-json\/wp\/v2\/types\/post"}],"author":[{"embeddable":true,"href":"https:\/\/elinformanteperu.com\/index.php\/wp-json\/wp\/v2\/users\/1"}],"replies":[{"embeddable":true,"href":"https:\/\/elinformanteperu.com\/index.php\/wp-json\/wp\/v2\/comments?post=147275"}],"version-history":[{"count":1,"href":"https:\/\/elinformanteperu.com\/index.php\/wp-json\/wp\/v2\/posts\/147275\/revisions"}],"predecessor-version":[{"id":147277,"href":"https:\/\/elinformanteperu.com\/index.php\/wp-json\/wp\/v2\/posts\/147275\/revisions\/147277"}],"wp:featuredmedia":[{"embeddable":true,"href":"https:\/\/elinformanteperu.com\/index.php\/wp-json\/wp\/v2\/media\/147276"}],"wp:attachment":[{"href":"https:\/\/elinformanteperu.com\/index.php\/wp-json\/wp\/v2\/media?parent=147275"}],"wp:term":[{"taxonomy":"category","embeddable":true,"href":"https:\/\/elinformanteperu.com\/index.php\/wp-json\/wp\/v2\/categories?post=147275"},{"taxonomy":"post_tag","embeddable":true,"href":"https:\/\/elinformanteperu.com\/index.php\/wp-json\/wp\/v2\/tags?post=147275"}],"curies":[{"name":"wp","href":"https:\/\/api.w.org\/{rel}","templated":true}]}}