{"id":147271,"date":"2026-03-07T12:09:35","date_gmt":"2026-03-07T17:09:35","guid":{"rendered":"https:\/\/elinformanteperu.com\/?p=147271"},"modified":"2026-03-07T12:09:35","modified_gmt":"2026-03-07T17:09:35","slug":"la-libertad-deslizamiento-deja-cerca-de-900-personas-aisladas-en-un-anexo-en-tayabamba","status":"publish","type":"post","link":"https:\/\/elinformanteperu.com\/index.php\/2026\/03\/07\/la-libertad-deslizamiento-deja-cerca-de-900-personas-aisladas-en-un-anexo-en-tayabamba\/","title":{"rendered":"La Libertad: deslizamiento deja cerca de 900 personas aisladas en un anexo en Tayabamba"},"content":{"rendered":"<p><strong><span style=\"color: #000000;\">M\u00e1s de 220 metros de v\u00edas han sido afectados, por lo que se ha trasladado maquinaria pesada<\/span><\/strong><\/p>\n<p><span style=\"color: #000000;\"><strong>Trujillo, 6 de marzo 2026 (ANDINA).-<\/strong> Al menos 870 personas quedaron aisladas como consecuencia de un deslizamiento que afect\u00f3 dos tramos de la v\u00eda que conecta al anexo de Tinyabamba del distrito de Tayabamba, en la provincia de Pataz, inform\u00f3 hoy el Centro de Operaciones de Emergencia Regional (COER) La Libertad.<\/span><\/p>\n<p><span style=\"color: #000000;\">Se\u00f1al\u00f3 que el fen\u00f3meno, generado a consecuencia de las lluvias intensas, se registr\u00f3 a las 5:00 a. m. de este viernes 6 de marzo y afect\u00f3 m\u00e1s de 220 metros de la v\u00eda en dos tramos, as\u00ed como dos viviendas. Hasta el momento no se han reportado da\u00f1os personales.<\/span><\/p>\n<p><a href=\"https:\/\/elinformanteperu.com\/wp-content\/uploads\/2026\/03\/trujillo-deslizamiento1.webp\"><img fetchpriority=\"high\" decoding=\"async\" class=\"size-full wp-image-147273 aligncenter\" src=\"https:\/\/elinformanteperu.com\/wp-content\/uploads\/2026\/03\/trujillo-deslizamiento1.webp\" alt=\"\" width=\"333\" height=\"500\" srcset=\"https:\/\/elinformanteperu.com\/wp-content\/uploads\/2026\/03\/trujillo-deslizamiento1.webp 333w, https:\/\/elinformanteperu.com\/wp-content\/uploads\/2026\/03\/trujillo-deslizamiento1-200x300.webp 200w\" sizes=\"(max-width: 333px) 100vw, 333px\" \/><\/a><span style=\"color: #000000;\">Tras la emergencia, personal de Defensa Civil de la Municipalidad Provincial Pataz se traslad\u00f3 al lugar para la evaluaci\u00f3n de da\u00f1os y necesidades.<\/span><\/p>\n<p><span style=\"color: #000000;\">Asimismo, se dispuso de manera inmediata la rehabilitaci\u00f3n de la v\u00eda con maquinaria pesada (retroexcavadora) del municipio provincial de Pataz.<\/span><\/p>\n<p><span style=\"color: #000000;\">Las autoridades se encuentran en alerta monitoreando la emergencia y actuar de inmediato ante la ocurrencia de otro fen\u00f3meno, debido a que las lluvias de moderada a fuerte intensidad continuar\u00e1n en los pr\u00f3ximos d\u00edas, seg\u00fan el pron\u00f3stico de la Oficina de Enlace del Servicio Nacional de Meteorolog\u00eda e Hidrolog\u00eda (Senamhi).<\/span><\/p>\n","protected":false},"excerpt":{"rendered":"<p>M\u00e1s de 220 metros de v\u00edas han sido afectados, por lo que se ha trasladado maquinaria pesada Trujillo, 6 de marzo 2026 (ANDINA).- Al menos 870 personas quedaron aisladas como consecuencia de un deslizamiento que afect\u00f3 dos tramos de la v\u00eda que conecta al anexo de Tinyabamba del distrito de Tayabamba, en la provincia de [&hellip;]<\/p>\n","protected":false},"author":1,"featured_media":147272,"comment_status":"closed","ping_status":"closed","sticky":false,"template":"","format":"standard","meta":{"rop_custom_images_group":[],"rop_custom_messages_group":[],"rop_publish_now":"initial","rop_publish_now_accounts":[],"rop_publish_now_history":[],"rop_publish_now_status":"pending","footnotes":""},"categories":[10],"tags":[3362],"class_list":["post-147271","post","type-post","status-publish","format-standard","has-post-thumbnail","hentry","category-actualidad-municipal","tag-trujillo"],"_links":{"self":[{"href":"https:\/\/elinformanteperu.com\/index.php\/wp-json\/wp\/v2\/posts\/147271","targetHints":{"allow":["GET"]}}],"collection":[{"href":"https:\/\/elinformanteperu.com\/index.php\/wp-json\/wp\/v2\/posts"}],"about":[{"href":"https:\/\/elinformanteperu.com\/index.php\/wp-json\/wp\/v2\/types\/post"}],"author":[{"embeddable":true,"href":"https:\/\/elinformanteperu.com\/index.php\/wp-json\/wp\/v2\/users\/1"}],"replies":[{"embeddable":true,"href":"https:\/\/elinformanteperu.com\/index.php\/wp-json\/wp\/v2\/comments?post=147271"}],"version-history":[{"count":1,"href":"https:\/\/elinformanteperu.com\/index.php\/wp-json\/wp\/v2\/posts\/147271\/revisions"}],"predecessor-version":[{"id":147274,"href":"https:\/\/elinformanteperu.com\/index.php\/wp-json\/wp\/v2\/posts\/147271\/revisions\/147274"}],"wp:featuredmedia":[{"embeddable":true,"href":"https:\/\/elinformanteperu.com\/index.php\/wp-json\/wp\/v2\/media\/147272"}],"wp:attachment":[{"href":"https:\/\/elinformanteperu.com\/index.php\/wp-json\/wp\/v2\/media?parent=147271"}],"wp:term":[{"taxonomy":"category","embeddable":true,"href":"https:\/\/elinformanteperu.com\/index.php\/wp-json\/wp\/v2\/categories?post=147271"},{"taxonomy":"post_tag","embeddable":true,"href":"https:\/\/elinformanteperu.com\/index.php\/wp-json\/wp\/v2\/tags?post=147271"}],"curies":[{"name":"wp","href":"https:\/\/api.w.org\/{rel}","templated":true}]}}