{"id":147267,"date":"2026-03-07T11:17:12","date_gmt":"2026-03-07T16:17:12","guid":{"rendered":"https:\/\/elinformanteperu.com\/?p=147267"},"modified":"2026-03-07T11:17:12","modified_gmt":"2026-03-07T16:17:12","slug":"tumbes-recuperan-408-conchas-negras-extraidas-de-forma-ilegal-durante-el-periodo-de-veda","status":"publish","type":"post","link":"https:\/\/elinformanteperu.com\/index.php\/2026\/03\/07\/tumbes-recuperan-408-conchas-negras-extraidas-de-forma-ilegal-durante-el-periodo-de-veda\/","title":{"rendered":"Tumbes: recuperan 408 conchas negras extra\u00eddas de forma ilegal durante el periodo de veda"},"content":{"rendered":"<p><span style=\"color: #000000;\"><strong>Tumbes, 6 de marzo 2026 (ANDINA).<\/strong>&#8211; Un total de 408 conchas negras que hab\u00edan sido extra\u00eddas de forma ilegal durante el periodo de veda, que se inici\u00f3 el 15 de febrero y se extiende hasta el 31 de marzo, fueron recuperadas en un operativo realizado dentro del Santuario Nacional Los Manglares de Tumbes.<\/span><\/p>\n<p><span style=\"color: #000000;\">La intervenci\u00f3n contra los extractores ilegales de conchas negras fue realizada por personal del Servicio Nacional de \u00c1reas Naturales Protegidas por el Estado (Sernanp), guardaparques del santuario y efectivos de la Polic\u00eda, espec\u00edficamente de la unidad de Fronteras.<\/span><\/p>\n<p><span style=\"color: #000000;\">Durante el operativo no se logr\u00f3 detener a los responsables debido a que el contingente policial estaba conformado \u00fanicamente por un efectivo. No obstante, los presuntos infractores de la veda ya se encuentran identificados, por lo que se iniciar\u00e1n los procedimientos administrativos y las acciones legales correspondientes.<\/span><\/p>\n<p><a href=\"https:\/\/elinformanteperu.com\/wp-content\/uploads\/2026\/03\/tumbes-conchas-negras1.webp\"><img fetchpriority=\"high\" decoding=\"async\" class=\"size-full wp-image-147269 aligncenter\" src=\"https:\/\/elinformanteperu.com\/wp-content\/uploads\/2026\/03\/tumbes-conchas-negras1.webp\" alt=\"\" width=\"500\" height=\"356\" srcset=\"https:\/\/elinformanteperu.com\/wp-content\/uploads\/2026\/03\/tumbes-conchas-negras1.webp 500w, https:\/\/elinformanteperu.com\/wp-content\/uploads\/2026\/03\/tumbes-conchas-negras1-300x214.webp 300w\" sizes=\"(max-width: 500px) 100vw, 500px\" \/><\/a><span style=\"color: #000000;\">Toda la informaci\u00f3n recopilada fue remitida a la Direcci\u00f3n Regional de la Producci\u00f3n de Tumbes y a la Fiscal\u00eda Especializada en Materia Ambiental, entidades que continuar\u00e1n con las investigaciones conforme a la normativa vigente.<\/span><\/p>\n<p><span style=\"color: #000000;\">Posteriormente, representantes del santuario, junto con funcionarios regionales, realizaron la liberaci\u00f3n y reintroducci\u00f3n de las 408 conchas negras al ecosistema del manglar, con el objetivo de garantizar la protecci\u00f3n y recuperaci\u00f3n de este recurso durante su etapa de reproducci\u00f3n.<\/span><\/p>\n<p><span style=\"color: #000000;\">Cabe indicar que el objetivo principal de la veda es salvaguardar los procesos de reproducci\u00f3n, crecimiento y reclutamiento de esta especie, contribuyendo a la recuperaci\u00f3n de sus poblaciones y a la sostenibilidad de los recursos del ecosistema de manglar, especialmente en los manglares de Tumbes.<\/span><\/p>\n","protected":false},"excerpt":{"rendered":"<p>Tumbes, 6 de marzo 2026 (ANDINA).&#8211; Un total de 408 conchas negras que hab\u00edan sido extra\u00eddas de forma ilegal durante el periodo de veda, que se inici\u00f3 el 15 de febrero y se extiende hasta el 31 de marzo, fueron recuperadas en un operativo realizado dentro del Santuario Nacional Los Manglares de Tumbes. La intervenci\u00f3n [&hellip;]<\/p>\n","protected":false},"author":1,"featured_media":147268,"comment_status":"closed","ping_status":"closed","sticky":false,"template":"","format":"standard","meta":{"rop_custom_images_group":[],"rop_custom_messages_group":[],"rop_publish_now":"initial","rop_publish_now_accounts":[],"rop_publish_now_history":[],"rop_publish_now_status":"pending","footnotes":""},"categories":[10],"tags":[103,1007],"class_list":["post-147267","post","type-post","status-publish","format-standard","has-post-thumbnail","hentry","category-actualidad-municipal","tag-sernanp","tag-tumbes"],"_links":{"self":[{"href":"https:\/\/elinformanteperu.com\/index.php\/wp-json\/wp\/v2\/posts\/147267","targetHints":{"allow":["GET"]}}],"collection":[{"href":"https:\/\/elinformanteperu.com\/index.php\/wp-json\/wp\/v2\/posts"}],"about":[{"href":"https:\/\/elinformanteperu.com\/index.php\/wp-json\/wp\/v2\/types\/post"}],"author":[{"embeddable":true,"href":"https:\/\/elinformanteperu.com\/index.php\/wp-json\/wp\/v2\/users\/1"}],"replies":[{"embeddable":true,"href":"https:\/\/elinformanteperu.com\/index.php\/wp-json\/wp\/v2\/comments?post=147267"}],"version-history":[{"count":1,"href":"https:\/\/elinformanteperu.com\/index.php\/wp-json\/wp\/v2\/posts\/147267\/revisions"}],"predecessor-version":[{"id":147270,"href":"https:\/\/elinformanteperu.com\/index.php\/wp-json\/wp\/v2\/posts\/147267\/revisions\/147270"}],"wp:featuredmedia":[{"embeddable":true,"href":"https:\/\/elinformanteperu.com\/index.php\/wp-json\/wp\/v2\/media\/147268"}],"wp:attachment":[{"href":"https:\/\/elinformanteperu.com\/index.php\/wp-json\/wp\/v2\/media?parent=147267"}],"wp:term":[{"taxonomy":"category","embeddable":true,"href":"https:\/\/elinformanteperu.com\/index.php\/wp-json\/wp\/v2\/categories?post=147267"},{"taxonomy":"post_tag","embeddable":true,"href":"https:\/\/elinformanteperu.com\/index.php\/wp-json\/wp\/v2\/tags?post=147267"}],"curies":[{"name":"wp","href":"https:\/\/api.w.org\/{rel}","templated":true}]}}