{"id":147261,"date":"2026-03-07T10:54:10","date_gmt":"2026-03-07T15:54:10","guid":{"rendered":"https:\/\/elinformanteperu.com\/?p=147261"},"modified":"2026-03-07T10:54:10","modified_gmt":"2026-03-07T15:54:10","slug":"cusco-habilitan-camino-alterno-para-acceder-a-la-laguna-de-humantay-y-al-nevado-salkantay","status":"publish","type":"post","link":"https:\/\/elinformanteperu.com\/index.php\/2026\/03\/07\/cusco-habilitan-camino-alterno-para-acceder-a-la-laguna-de-humantay-y-al-nevado-salkantay\/","title":{"rendered":"Cusco: habilitan camino alterno para acceder a la Laguna de Humantay y al nevado Salkantay"},"content":{"rendered":"<p><strong><span style=\"color: #000000;\">Municipalidad de Mollepata comunic\u00f3 decisi\u00f3n a operadores en turismo y visitantes<\/span><\/strong><\/p>\n<p><span style=\"color: #000000;\"><strong>Cusco, 6 de marzo 2026 (ANDINA).-<\/strong> \u00a1Atenci\u00f3n, turista! La ruta tur\u00edstica Laguna de Humantay y nevado Salkantay fue reabierta al turismo nacional y extranjero en la ma\u00f1ana de este viernes 6 de marzo por un camino alterno implementado, confirm\u00f3 la municipalidad distrital de Mollepata, de la provincia cusque\u00f1a de La Convenci\u00f3n.<\/span><\/p>\n<p><span style=\"color: #000000;\">La comuna comunic\u00f3 de esta decisi\u00f3n a las agencias de viaje, operadores en turismo, poblaci\u00f3n en general y a los turistas, que optan por conocer las maravillas naturales.<\/span><\/p>\n<p><a href=\"https:\/\/elinformanteperu.com\/wp-content\/uploads\/2026\/03\/cusco-nevado-salkantay1.webp\"><img fetchpriority=\"high\" decoding=\"async\" class=\"size-full wp-image-147263 aligncenter\" src=\"https:\/\/elinformanteperu.com\/wp-content\/uploads\/2026\/03\/cusco-nevado-salkantay1.webp\" alt=\"\" width=\"500\" height=\"350\" srcset=\"https:\/\/elinformanteperu.com\/wp-content\/uploads\/2026\/03\/cusco-nevado-salkantay1.webp 500w, https:\/\/elinformanteperu.com\/wp-content\/uploads\/2026\/03\/cusco-nevado-salkantay1-300x210.webp 300w\" sizes=\"(max-width: 500px) 100vw, 500px\" \/><\/a><\/p>\n<p><span style=\"color: #000000;\">\u201cLa municipalidad de Mollepata ha realizado trabajos de rehabilitaci\u00f3n y mejoramiento en la ruta alterna denominada \u00abLlaqtallaqtalloq\u00bb en el marco de las recomendaciones del Comit\u00e9 Ejecutivo de Gesti\u00f3n de la ruta tur\u00edstica Laguna de Humantay &#8211; Salkantay \u2013 Machu Picchu\u201d, informa un documento.<\/span><\/p>\n<p><span style=\"color: #000000;\">El anuncio resalta como objetivo principal el brindar un acceso seguro y salvaguardar la integridad de turistas, de los operadores en turismo y la poblaci\u00f3n local.<\/span><\/p>\n<p><span style=\"color: #000000;\">\u201cEs por ello que, a partir de este viernes 6 de marzo, se reapertura el ingreso a la ruta de la Laguna de Humantay y nevado Salkantay\u201d, reitera el comunicado.<\/span><\/p>\n<p><a href=\"https:\/\/elinformanteperu.com\/wp-content\/uploads\/2026\/03\/cusco-nevado-salkantay2.webp\"><img decoding=\"async\" class=\"size-full wp-image-147265 aligncenter\" src=\"https:\/\/elinformanteperu.com\/wp-content\/uploads\/2026\/03\/cusco-nevado-salkantay2.webp\" alt=\"\" width=\"500\" height=\"354\" srcset=\"https:\/\/elinformanteperu.com\/wp-content\/uploads\/2026\/03\/cusco-nevado-salkantay2.webp 500w, https:\/\/elinformanteperu.com\/wp-content\/uploads\/2026\/03\/cusco-nevado-salkantay2-300x212.webp 300w\" sizes=\"(max-width: 500px) 100vw, 500px\" \/><\/a><span style=\"color: #000000;\">Por \u00faltimo, exhorta e invoca a las agencias de viaje, operadores, gu\u00edas de turismo y turistas a usar el camino alterno habilitado y mejorado \u00abLlaqtallaqtalloq\u00bb para un acceder a las reservas naturales, adem\u00e1s de tomar las precauciones de seguridad necesarias.<\/span><\/p>\n<p><strong><span style=\"color: #000000;\">Dato:<\/span><\/strong><\/p>\n<p><span style=\"color: #000000;\">El pasado 6 de febrero fue cerrado el acceso a la Laguna de Humantay ante las intensas lluvias y a causa de una falla geol\u00f3gica en el sector de \u201cBalconpata\u201d, vulnerable en esta \u00e9poca. Las autoridades multisectoriales informaron de riesgos y que la medida fue en salvaguarda de la integridad de los usuarios.<\/span><\/p>\n<p><a href=\"https:\/\/elinformanteperu.com\/wp-content\/uploads\/2026\/03\/cusco-nevado-salkantay3.webp\"><img decoding=\"async\" class=\"size-full wp-image-147264 aligncenter\" src=\"https:\/\/elinformanteperu.com\/wp-content\/uploads\/2026\/03\/cusco-nevado-salkantay3.webp\" alt=\"\" width=\"500\" height=\"338\" srcset=\"https:\/\/elinformanteperu.com\/wp-content\/uploads\/2026\/03\/cusco-nevado-salkantay3.webp 500w, https:\/\/elinformanteperu.com\/wp-content\/uploads\/2026\/03\/cusco-nevado-salkantay3-300x203.webp 300w\" sizes=\"(max-width: 500px) 100vw, 500px\" \/><\/a><\/p>\n","protected":false},"excerpt":{"rendered":"<p>Municipalidad de Mollepata comunic\u00f3 decisi\u00f3n a operadores en turismo y visitantes Cusco, 6 de marzo 2026 (ANDINA).- \u00a1Atenci\u00f3n, turista! La ruta tur\u00edstica Laguna de Humantay y nevado Salkantay fue reabierta al turismo nacional y extranjero en la ma\u00f1ana de este viernes 6 de marzo por un camino alterno implementado, confirm\u00f3 la municipalidad distrital de Mollepata, [&hellip;]<\/p>\n","protected":false},"author":1,"featured_media":147262,"comment_status":"closed","ping_status":"closed","sticky":false,"template":"","format":"standard","meta":{"rop_custom_images_group":[],"rop_custom_messages_group":[],"rop_publish_now":"initial","rop_publish_now_accounts":[],"rop_publish_now_history":[],"rop_publish_now_status":"pending","footnotes":""},"categories":[10],"tags":[1226,8707,8302],"class_list":["post-147261","post","type-post","status-publish","format-standard","has-post-thumbnail","hentry","category-actualidad-municipal","tag-cusco","tag-huamantay","tag-salkantay"],"_links":{"self":[{"href":"https:\/\/elinformanteperu.com\/index.php\/wp-json\/wp\/v2\/posts\/147261","targetHints":{"allow":["GET"]}}],"collection":[{"href":"https:\/\/elinformanteperu.com\/index.php\/wp-json\/wp\/v2\/posts"}],"about":[{"href":"https:\/\/elinformanteperu.com\/index.php\/wp-json\/wp\/v2\/types\/post"}],"author":[{"embeddable":true,"href":"https:\/\/elinformanteperu.com\/index.php\/wp-json\/wp\/v2\/users\/1"}],"replies":[{"embeddable":true,"href":"https:\/\/elinformanteperu.com\/index.php\/wp-json\/wp\/v2\/comments?post=147261"}],"version-history":[{"count":1,"href":"https:\/\/elinformanteperu.com\/index.php\/wp-json\/wp\/v2\/posts\/147261\/revisions"}],"predecessor-version":[{"id":147266,"href":"https:\/\/elinformanteperu.com\/index.php\/wp-json\/wp\/v2\/posts\/147261\/revisions\/147266"}],"wp:featuredmedia":[{"embeddable":true,"href":"https:\/\/elinformanteperu.com\/index.php\/wp-json\/wp\/v2\/media\/147262"}],"wp:attachment":[{"href":"https:\/\/elinformanteperu.com\/index.php\/wp-json\/wp\/v2\/media?parent=147261"}],"wp:term":[{"taxonomy":"category","embeddable":true,"href":"https:\/\/elinformanteperu.com\/index.php\/wp-json\/wp\/v2\/categories?post=147261"},{"taxonomy":"post_tag","embeddable":true,"href":"https:\/\/elinformanteperu.com\/index.php\/wp-json\/wp\/v2\/tags?post=147261"}],"curies":[{"name":"wp","href":"https:\/\/api.w.org\/{rel}","templated":true}]}}