{"id":14726,"date":"2017-08-22T00:22:43","date_gmt":"2017-08-22T05:22:43","guid":{"rendered":"http:\/\/elinformanteperu.com\/?p=14726"},"modified":"2017-08-22T00:22:43","modified_gmt":"2017-08-22T05:22:43","slug":"maestros-en-huelga-no-firmaron-acuerdo-con-minedu-porque-no-quieren-ser-evaluados","status":"publish","type":"post","link":"https:\/\/elinformanteperu.com\/index.php\/2017\/08\/22\/maestros-en-huelga-no-firmaron-acuerdo-con-minedu-porque-no-quieren-ser-evaluados\/","title":{"rendered":"Maestros en huelga no firmaron acuerdo con Minedu porque no quieren ser evaluados"},"content":{"rendered":"<p><span style=\"color: #000000;\"><strong>Los maestros en huelga no firmaron el acuerdo con el Ministerio de Educaci\u00f3n (Minedu) porque quieren suspender la evaluaci\u00f3n docente y eso no es negociable.<\/strong><\/span><\/p>\n<p><span style=\"color: #000000;\"><strong>Lima, 21 Agosto 2017, (ANDINA).-<\/strong> Los maestros en huelga no firmaron el acuerdo con el Ministerio de Educaci\u00f3n (Minedu) porque quieren suspender la evaluaci\u00f3n docente y eso no es negociable, inform\u00f3 el congresista Jorge del Castillo, veedor de la reuni\u00f3n entre los dirigentes de los profesores y el Poder Ejecutivo.<\/span><\/p>\n<p><span style=\"color: #000000;\">\u201cLa verdad es que por el bien de los ni\u00f1os, la meritocracia y evaluaci\u00f3n no pueden ser negociadas a punto de dejarse sin efecto y sin fecha\u201d, remarc\u00f3 en conferencia de prensa.<\/span><\/p>\n<p><span style=\"color: #000000;\">El congresista de la bancada del Partido Aprista detall\u00f3 que se hab\u00eda avanzado en varios puntos en el di\u00e1logo para alcanzar un acuerdo final pero la principal discrepancia fue la aspiraci\u00f3n de los maestros de suspender la evaluaci\u00f3n de desempe\u00f1o.<\/span><\/p>\n<p><span style=\"color: #000000;\">\u201cLa verdad es que todas las bancadas consideramos y el Ministerio (de Educaci\u00f3n) no podemos dejar este tema en un limbo, por el bien de los ni\u00f1os necesitamos buenos profesores\u201d, agreg\u00f3.<\/span><\/p>\n<p><span style=\"color: #000000;\">Por su parte, C\u00e9sar Villanueva, de la Alianza por el Progreso, indic\u00f3 que los maestros no aceptaron la figura de la evaluaci\u00f3n de desempe\u00f1o, contemplada en tres etapas incluyendo la capacitaci\u00f3n.<\/span><\/p>\n<p><span style=\"color: #000000;\">\u201cNo se puede negociar con el tema meritocr\u00e1tico. Los docentes tomar\u00e1n la decisi\u00f3n de abandonar o no a los ni\u00f1os\u201d, asever\u00f3.<\/span><\/p>\n<p><span style=\"color: #000000;\">A su turno, Vicente Zeballos, de la bancada de Peruanos por el Kambio, manifest\u00f3 que se avanz\u00f3 en varias mejoras para los maestros, como el incremento de remuneraciones y aumento de presupuesto.<\/span><\/p>\n<p><span style=\"color: #000000;\">\u201cHubo comportamientos desleales que estuvieron petardeando el trabajo\u201d, asever\u00f3.<\/span><\/p>\n<p><span style=\"color: #000000;\">En esa misma l\u00ednea, Edmundo del \u00c1guila, de Acci\u00f3n Popular, y Tania Pariona, del Movimiento Nuevo Per\u00fa, formularon votos para que los docentes recapaciten y retornen a las aulas.<\/span><\/p>\n<p><span style=\"color: #000000;\">\u201cLa meritocracia es clave y no es negociable, esperamos que con el paso de los d\u00edas puedan recapacitar, quiz\u00e1s no ante nosotros sino ante el Minedu\u201d, precis\u00f3 Del \u00c1guila.<\/span><\/p>\n<p><span style=\"color: #000000;\">Finalmente, el legislador Wilbert Rozas, del Frente Amplio remarc\u00f3 que los congresistas pusieron todo su esfuerzo para que se logre el acuerdo y dijo que se debe insistir en el di\u00e1logo.<\/span><\/p>\n<p><span style=\"color: #000000;\">\u201cCreo que tenemos que insistir en el di\u00e1logo, es costoso, pero esperanzador\u201d, acot\u00f3.<\/span><\/p>\n","protected":false},"excerpt":{"rendered":"<p>Los maestros en huelga no firmaron el acuerdo con el Ministerio de Educaci\u00f3n (Minedu) porque quieren suspender la evaluaci\u00f3n docente y eso no es negociable. Lima, 21 Agosto 2017, (ANDINA).- Los maestros en huelga no firmaron el acuerdo con el Ministerio de Educaci\u00f3n (Minedu) porque quieren suspender la evaluaci\u00f3n docente y eso no es negociable, [&hellip;]<\/p>\n","protected":false},"author":1,"featured_media":14727,"comment_status":"open","ping_status":"open","sticky":false,"template":"","format":"standard","meta":{"rop_custom_images_group":[],"rop_custom_messages_group":[],"rop_publish_now":"initial","rop_publish_now_accounts":[],"rop_publish_now_history":[],"rop_publish_now_status":"pending","footnotes":""},"categories":[5],"tags":[554,567,328],"class_list":["post-14726","post","type-post","status-publish","format-standard","has-post-thumbnail","hentry","category-actualidad-informativa","tag-jorge-del-castillo","tag-marilu-martens","tag-ministerio-de-de-educacion"],"_links":{"self":[{"href":"https:\/\/elinformanteperu.com\/index.php\/wp-json\/wp\/v2\/posts\/14726","targetHints":{"allow":["GET"]}}],"collection":[{"href":"https:\/\/elinformanteperu.com\/index.php\/wp-json\/wp\/v2\/posts"}],"about":[{"href":"https:\/\/elinformanteperu.com\/index.php\/wp-json\/wp\/v2\/types\/post"}],"author":[{"embeddable":true,"href":"https:\/\/elinformanteperu.com\/index.php\/wp-json\/wp\/v2\/users\/1"}],"replies":[{"embeddable":true,"href":"https:\/\/elinformanteperu.com\/index.php\/wp-json\/wp\/v2\/comments?post=14726"}],"version-history":[{"count":1,"href":"https:\/\/elinformanteperu.com\/index.php\/wp-json\/wp\/v2\/posts\/14726\/revisions"}],"predecessor-version":[{"id":14728,"href":"https:\/\/elinformanteperu.com\/index.php\/wp-json\/wp\/v2\/posts\/14726\/revisions\/14728"}],"wp:featuredmedia":[{"embeddable":true,"href":"https:\/\/elinformanteperu.com\/index.php\/wp-json\/wp\/v2\/media\/14727"}],"wp:attachment":[{"href":"https:\/\/elinformanteperu.com\/index.php\/wp-json\/wp\/v2\/media?parent=14726"}],"wp:term":[{"taxonomy":"category","embeddable":true,"href":"https:\/\/elinformanteperu.com\/index.php\/wp-json\/wp\/v2\/categories?post=14726"},{"taxonomy":"post_tag","embeddable":true,"href":"https:\/\/elinformanteperu.com\/index.php\/wp-json\/wp\/v2\/tags?post=14726"}],"curies":[{"name":"wp","href":"https:\/\/api.w.org\/{rel}","templated":true}]}}