{"id":147250,"date":"2026-03-07T09:38:28","date_gmt":"2026-03-07T14:38:28","guid":{"rendered":"https:\/\/elinformanteperu.com\/?p=147250"},"modified":"2026-03-07T09:38:54","modified_gmt":"2026-03-07T14:38:54","slug":"atletico-grau-vencio-a-fc-cajamarca-y-angel-comizzo-se-despidio-del-equipo","status":"publish","type":"post","link":"https:\/\/elinformanteperu.com\/index.php\/2026\/03\/07\/atletico-grau-vencio-a-fc-cajamarca-y-angel-comizzo-se-despidio-del-equipo\/","title":{"rendered":"Atl\u00e9tico Grau venci\u00f3 a FC Cajamarca y \u00c1ngel Comizzo se despidi\u00f3 del equipo"},"content":{"rendered":"<p><strong><span style=\"color: #000000;\">El &#8216;Patrimonio de Piura&#8217; super\u00f3 1-0 al equipo cajamarquino por la fecha 6 del Torneo Apertura.<\/span><\/strong><\/p>\n<p><span style=\"color: #000000;\"><strong>Lima, 6 de marzo 2026 (ANDINA).-<\/strong> Atl\u00e9tico Grau derrot\u00f3 a FC Cajamarca por la m\u00ednima diferencia (1-0) con gol de penal de Patricio \u00c1lvarez, y as\u00ed consigui\u00f3 sumar sus primeros tres puntos en el Torneo Apertura 2026.<\/span><\/p>\n<p><span style=\"color: #000000;\">Comenz\u00f3 la fecha n\u00famero 6 del Torneo Apertura de la Liga 1 y el partido inaugural fue el Atl\u00e9tico Grau vs. FC Cajamarca, encuentro que termin\u00f3 en victoria para los piuranos por 1-0 en el Estadio Campeones del 36.<\/span><\/p>\n<p><span style=\"color: #000000;\">Grau aprovech\u00f3 su local\u00eda en Sullana y derrot\u00f3 a su rival con un gol de penal de su portero Patricio \u00c1lvarez, un especialista ya en esta faceta, quien coloc\u00f3 el remate raso pegado al poste derecho de Carlos Mosquera.<\/span><\/p>\n<p><span style=\"color: #000000;\">En la segunda parte, ingres\u00f3 Hern\u00e1n Barcos a los 57 minutos para el elenco visitante; sin embargo, ni la presencia del &#8216;Pirata&#8217; en campo de juego fue suficiente para por lo menos conseguir un empate de visita.<\/span><\/p>\n<p><strong><span style=\"color: #000000;\">Una victoria con despedida<\/span><\/strong><\/p>\n<p><span style=\"color: #000000;\">A pesar de la victoria, el final del encuentro nos dej\u00f3 im\u00e1ganes del entrenador \u00c1ngel Comizzo abraz\u00e1ndose afectuosamente con cada uno de sus jugadores, como si de una despedida se tratase.<\/span><\/p>\n<p><span style=\"color: #000000;\">M\u00e1s adelante, Cristian Neira declar\u00f3 que tiene un \u00abagradecimiento total hacia el profesor por ser buena persona y buen entrenador, desearle lo mejor a \u00e9l y nosotros tenemos que seguir porque estamos abajo\u00bb.<\/span><\/p>\n<p><span style=\"color: #000000;\">Con ese \u00faltimo mensaje, ya se podr\u00eda confirmar que Comizzo no seguir\u00e1 m\u00e1s con el buzo de entrenador de Atl\u00e9tico Grau, debido al mal comienzo de temporada que tuvo, donde apenas obtuvo 4 puntos en las primeras 6 fechas.<\/span><\/p>\n<p><span style=\"color: #000000;\">\u00c1ngel Comizzo lleg\u00f3 al equio piurano en agosoto del 2023 y su m\u00e1ximo logro con el &#8216;Patrimonio de Piura&#8217; fue clasificar al club a la Copa Sudamericana 2025, competencia donde avanz\u00f3 hasta la fase de grupos.<\/span><\/p>\n<blockquote class=\"twitter-tweet\">\n<p dir=\"ltr\" lang=\"es\">GOOOOOOOOOL ALBO \u26bd\ufe0f<\/p>\n<p>De penal, mi arquero goleador, Patricio \u00c1lvarez \ud83e\udde4\ud83e\udee1<a href=\"https:\/\/twitter.com\/hashtag\/ElMasGrandeDelNorte?src=hash&amp;ref_src=twsrc%5Etfw\">#ElMasGrandeDelNorte<\/a> <a href=\"https:\/\/twitter.com\/hashtag\/PatrimonioDePiura?src=hash&amp;ref_src=twsrc%5Etfw\">#PatrimonioDePiura<\/a> <a href=\"https:\/\/t.co\/G28IdQpsjh\">pic.twitter.com\/G28IdQpsjh<\/a><\/p>\n<p>\u2014 Club Atl\u00e9tico Grau &#8211; Oficial (@Grau_Oficial) <a href=\"https:\/\/twitter.com\/Grau_Oficial\/status\/2030028459687198914?ref_src=twsrc%5Etfw\">March 6, 2026<\/a><\/p><\/blockquote>\n<p><script async src=\"https:\/\/platform.twitter.com\/widgets.js\" charset=\"utf-8\"><\/script><\/p>\n","protected":false},"excerpt":{"rendered":"<p>El &#8216;Patrimonio de Piura&#8217; super\u00f3 1-0 al equipo cajamarquino por la fecha 6 del Torneo Apertura. Lima, 6 de marzo 2026 (ANDINA).- Atl\u00e9tico Grau derrot\u00f3 a FC Cajamarca por la m\u00ednima diferencia (1-0) con gol de penal de Patricio \u00c1lvarez, y as\u00ed consigui\u00f3 sumar sus primeros tres puntos en el Torneo Apertura 2026. Comenz\u00f3 la [&hellip;]<\/p>\n","protected":false},"author":1,"featured_media":147251,"comment_status":"closed","ping_status":"closed","sticky":false,"template":"","format":"standard","meta":{"rop_custom_images_group":[],"rop_custom_messages_group":[],"rop_publish_now":"initial","rop_publish_now_accounts":[],"rop_publish_now_history":[],"rop_publish_now_status":"pending","footnotes":""},"categories":[8],"tags":[8703,5022,7995],"class_list":["post-147250","post","type-post","status-publish","format-standard","has-post-thumbnail","hentry","category-disciplinas-deportivas","tag-apertura-de-la-liga-1-2026","tag-atletico-grau","tag-fc-cajamarca"],"_links":{"self":[{"href":"https:\/\/elinformanteperu.com\/index.php\/wp-json\/wp\/v2\/posts\/147250","targetHints":{"allow":["GET"]}}],"collection":[{"href":"https:\/\/elinformanteperu.com\/index.php\/wp-json\/wp\/v2\/posts"}],"about":[{"href":"https:\/\/elinformanteperu.com\/index.php\/wp-json\/wp\/v2\/types\/post"}],"author":[{"embeddable":true,"href":"https:\/\/elinformanteperu.com\/index.php\/wp-json\/wp\/v2\/users\/1"}],"replies":[{"embeddable":true,"href":"https:\/\/elinformanteperu.com\/index.php\/wp-json\/wp\/v2\/comments?post=147250"}],"version-history":[{"count":2,"href":"https:\/\/elinformanteperu.com\/index.php\/wp-json\/wp\/v2\/posts\/147250\/revisions"}],"predecessor-version":[{"id":147253,"href":"https:\/\/elinformanteperu.com\/index.php\/wp-json\/wp\/v2\/posts\/147250\/revisions\/147253"}],"wp:featuredmedia":[{"embeddable":true,"href":"https:\/\/elinformanteperu.com\/index.php\/wp-json\/wp\/v2\/media\/147251"}],"wp:attachment":[{"href":"https:\/\/elinformanteperu.com\/index.php\/wp-json\/wp\/v2\/media?parent=147250"}],"wp:term":[{"taxonomy":"category","embeddable":true,"href":"https:\/\/elinformanteperu.com\/index.php\/wp-json\/wp\/v2\/categories?post=147250"},{"taxonomy":"post_tag","embeddable":true,"href":"https:\/\/elinformanteperu.com\/index.php\/wp-json\/wp\/v2\/tags?post=147250"}],"curies":[{"name":"wp","href":"https:\/\/api.w.org\/{rel}","templated":true}]}}