{"id":147234,"date":"2026-03-06T01:53:19","date_gmt":"2026-03-06T06:53:19","guid":{"rendered":"https:\/\/elinformanteperu.com\/?p=147234"},"modified":"2026-03-06T01:53:19","modified_gmt":"2026-03-06T06:53:19","slug":"jean-deza-habria-llegado-a-un-acuerdo-para-ser-nuevo-jugador-de-sport-boys","status":"publish","type":"post","link":"https:\/\/elinformanteperu.com\/index.php\/2026\/03\/06\/jean-deza-habria-llegado-a-un-acuerdo-para-ser-nuevo-jugador-de-sport-boys\/","title":{"rendered":"Jean Deza habr\u00eda llegado a un acuerdo para ser nuevo jugador de Sport Boys"},"content":{"rendered":"<p><strong><span style=\"color: #000000;\">El extremo tendr\u00eda todo listo para sumarse al conjunto chalaco en los pr\u00f3ximos d\u00edas.<\/span><\/strong><\/p>\n<p><span style=\"color: #000000;\"><strong>Lima, 5 de marzo 2026 (ANDINA).-<\/strong> Jean Deza habr\u00eda llegado a un acuerdo con Sport Boys para reforzar al equipo en la presente temporada; sin embargo, el futbolista tendr\u00eda bastantes condiciones en su contrato con los chalacos para proteger al club ante una posible indisciplina.<\/span><\/p>\n<p><span style=\"color: #000000;\">Un nuevo nombre podr\u00eda sumarse al cuadro del Callao en los pr\u00f3ximos d\u00edas. A las posibles contrataciones de Carlos Zambrano y Miguel Trauco, se les sumar\u00eda el nombre del extremo Jean Deza.<\/span><\/p>\n<p><span style=\"color: #000000;\">Seg\u00fan el periodista deportivo Gustavo Peralta, hace unas horas se habr\u00eda dado una reuni\u00f3n entre el futbolista, el administrador del club, Mart\u00edn Noriega, y el embajador institucional y deportivo, Juan Carlos &#8216;Pato&#8217; Cabanillas.<\/span><\/p>\n<p><span style=\"color: #000000;\">La presencia del &#8216;Pato&#8217; habr\u00eda sido clave para poder confirmar el acuerdo, donde habr\u00eda tenido un \u00abpacto de sangre\u00bb con Jean Deza para hacerlo reflexionar de que esta podr\u00eda ser su \u00faltima oportunidad en el mundo del f\u00fatbol.<\/span><\/p>\n<p><span style=\"color: #000000;\">Sin embargo, Sport Boys toma sus precacuciones y le enviar\u00e1 el contrato a Deza con una serie de condiciones y penalidades que el futbolista deber\u00e1 aceptar para poder sumarse al equipo.<\/span><\/p>\n<p><span style=\"color: #000000;\">Incluso, \u00abhabr\u00eda la posibilidad de embargos si es que alguna situaci\u00f3n afectara la econom\u00eda de la instituci\u00f3n\u00bb, seg\u00fan indic\u00f3 el periodista. En otras palabras, en caso Deza cometa alguna indisciplina que perjudique el v\u00ednculo de Sport Boys con alguna marca publicitaria, los embargos materiales se proceder\u00edan.<\/span><\/p>\n<p><span style=\"color: #000000;\">M\u00e1s adelante, el propio futbolista habr\u00eda confirmado su llegada al cuadro del Callao, lugar donde creci\u00f3 el exjugador de Alianza Lima, Sport Huancayo, entre otros.<\/span><\/p>\n<p><span style=\"color: #000000;\">Seg\u00fan se puede apreciar en una historia que public\u00f3 en Instagram, el futbolista mencion\u00f3 que \u00ablos sue\u00f1os se cumplen\u00bb, acompa\u00f1ado de un emotic\u00f3n de camiseta rosada.<\/span><\/p>\n<p><span style=\"color: #000000;\">Solo quedar\u00eda esperar que Sport Boys haga oficial la incorporaci\u00f3n de Deza a sus filas, quien adem\u00e1s cuenta con la aprobaci\u00f3n del actual entrenador Jaime de la Pava.<\/span><\/p>\n<blockquote class=\"twitter-tweet\">\n<p dir=\"ltr\" lang=\"es\">\ud83d\udd1c PR\u00d3XIMO PARTIDO \u26bd\ufe0f<\/p>\n<p>\ud83c\udd9a Cienciano<br \/>\n\ud83d\uddd3\ufe0f Lunes 09\/03<br \/>\n\ud83d\udd60 5:30 p.m.<br \/>\n\ud83c\udfdf\ufe0f Estadio Inca Garcilaso de la Vega<br \/>\n\ud83d\udccd Cusco<\/p>\n<p>\ud83c\udf9f\ufe0f Compra tus entradas virtuales, Tribuna Rosada VIP y banderola en <a href=\"https:\/\/t.co\/9RzwqquMV3\">https:\/\/t.co\/9RzwqquMV3<\/a><a href=\"https:\/\/twitter.com\/hashtag\/VamosBoysTodaLaVida?src=hash&amp;ref_src=twsrc%5Etfw\">#VamosBoysTodaLaVida<\/a> <a href=\"https:\/\/t.co\/lFfYVMW2RG\">pic.twitter.com\/lFfYVMW2RG<\/a><\/p>\n<p>\u2014 Club Sport Boys Association (@sportboys) <a href=\"https:\/\/twitter.com\/sportboys\/status\/2029346551009619989?ref_src=twsrc%5Etfw\">March 5, 2026<\/a><\/p><\/blockquote>\n<p><script async src=\"https:\/\/platform.twitter.com\/widgets.js\" charset=\"utf-8\"><\/script><\/p>\n","protected":false},"excerpt":{"rendered":"<p>El extremo tendr\u00eda todo listo para sumarse al conjunto chalaco en los pr\u00f3ximos d\u00edas. Lima, 5 de marzo 2026 (ANDINA).- Jean Deza habr\u00eda llegado a un acuerdo con Sport Boys para reforzar al equipo en la presente temporada; sin embargo, el futbolista tendr\u00eda bastantes condiciones en su contrato con los chalacos para proteger al club [&hellip;]<\/p>\n","protected":false},"author":1,"featured_media":147235,"comment_status":"closed","ping_status":"closed","sticky":false,"template":"","format":"standard","meta":{"rop_custom_images_group":[],"rop_custom_messages_group":[],"rop_publish_now":"initial","rop_publish_now_accounts":[],"rop_publish_now_history":[],"rop_publish_now_status":"pending","footnotes":""},"categories":[8],"tags":[5077,329],"class_list":["post-147234","post","type-post","status-publish","format-standard","has-post-thumbnail","hentry","category-disciplinas-deportivas","tag-jean-deza","tag-sport-boys"],"_links":{"self":[{"href":"https:\/\/elinformanteperu.com\/index.php\/wp-json\/wp\/v2\/posts\/147234","targetHints":{"allow":["GET"]}}],"collection":[{"href":"https:\/\/elinformanteperu.com\/index.php\/wp-json\/wp\/v2\/posts"}],"about":[{"href":"https:\/\/elinformanteperu.com\/index.php\/wp-json\/wp\/v2\/types\/post"}],"author":[{"embeddable":true,"href":"https:\/\/elinformanteperu.com\/index.php\/wp-json\/wp\/v2\/users\/1"}],"replies":[{"embeddable":true,"href":"https:\/\/elinformanteperu.com\/index.php\/wp-json\/wp\/v2\/comments?post=147234"}],"version-history":[{"count":1,"href":"https:\/\/elinformanteperu.com\/index.php\/wp-json\/wp\/v2\/posts\/147234\/revisions"}],"predecessor-version":[{"id":147236,"href":"https:\/\/elinformanteperu.com\/index.php\/wp-json\/wp\/v2\/posts\/147234\/revisions\/147236"}],"wp:featuredmedia":[{"embeddable":true,"href":"https:\/\/elinformanteperu.com\/index.php\/wp-json\/wp\/v2\/media\/147235"}],"wp:attachment":[{"href":"https:\/\/elinformanteperu.com\/index.php\/wp-json\/wp\/v2\/media?parent=147234"}],"wp:term":[{"taxonomy":"category","embeddable":true,"href":"https:\/\/elinformanteperu.com\/index.php\/wp-json\/wp\/v2\/categories?post=147234"},{"taxonomy":"post_tag","embeddable":true,"href":"https:\/\/elinformanteperu.com\/index.php\/wp-json\/wp\/v2\/tags?post=147234"}],"curies":[{"name":"wp","href":"https:\/\/api.w.org\/{rel}","templated":true}]}}