{"id":147231,"date":"2026-03-06T01:47:37","date_gmt":"2026-03-06T06:47:37","guid":{"rendered":"https:\/\/elinformanteperu.com\/?p=147231"},"modified":"2026-03-06T01:47:37","modified_gmt":"2026-03-06T06:47:37","slug":"hernan-lisi-fue-despedido-y-no-es-mas-entrenador-de-deportivo-garcilaso","status":"publish","type":"post","link":"https:\/\/elinformanteperu.com\/index.php\/2026\/03\/06\/hernan-lisi-fue-despedido-y-no-es-mas-entrenador-de-deportivo-garcilaso\/","title":{"rendered":"Hern\u00e1n Lisi fue despedido y no es m\u00e1s entrenador de Deportivo Garcilaso"},"content":{"rendered":"<p><strong><span style=\"color: #000000;\">El cuadro cusque\u00f1o fue eliminado de la Copa Sudamericana el \u00faltimo martes tras caer ante Alianza Atl\u00e9tico.<\/span><\/strong><\/p>\n<p><span style=\"color: #000000;\"><strong>Cusco, 5 de marzo 2026 (ANDINA).-<\/strong> Deportivo Garcilaso hizo oficial la salida del entrenador argentino, quien asumi\u00f3 el cargo en el equipo en la presente temporada; sin embargo, el &#8216;Rico Garci&#8217; tuvo un mal comienzo de a\u00f1o que le habr\u00eda costado el puesto al director t\u00e9cnico.<\/span><\/p>\n<p><span style=\"color: #000000;\">Una situaci\u00f3n cr\u00edtica se vive en tienda cusque\u00f1a luego de haber tenido un mal comienzo de temporada, ya que Deportivo Garcilaso acumula dos derrotas consecutivas en la Liga 1 y solo ha podido sumar 5 puntos en las primeras 5 fechas del campeonato.<\/span><\/p>\n<p><span style=\"color: #000000;\">La \u00faltima semana fue muy complicada para el &#8216;Pedacito de Cielo&#8217;, debido a que perdieron el cl\u00e1sico cusque\u00f1o frente a Cienciano, con un gol en la \u00faltima jugada (2-3). Sin embargo, todo se empeor\u00f3 con la reciente eliminaci\u00f3n de Copa Sudamericana ante Alianza Atl\u00e9tico el \u00faltimo martes (0-2).<\/span><\/p>\n<p><span style=\"color: #000000;\">Esos malos resultados le terminaron por costar el puesto al director t\u00e9cnico Hern\u00e1n Lisi, quien lleg\u00f3 este a\u00f1o al cuadro cusque\u00f1o en reemplazo de Carlos Bustos; pero no pudo conseguir los objetivos esperados.<\/span><\/p>\n<p><span style=\"color: #000000;\">Seg\u00fan menciona en su comunicado, \u00abfiel a sus principios y a la responsabilidad que implica representar a nuestra ciudad y a nuestra historia, Garcilaso ha decidido concluir el v\u00ednculo conractual con el profesor Hern\u00e1n Lisi y su comando t\u00e9cnico\u00bb.<\/span><\/p>\n<p><span style=\"color: #000000;\">Esta decisi\u00f3n del conjunto celeste se deber\u00eda a una \u00abevaluaci\u00f3n objetiva y responsable del presente deportivo, priorizando los intereses y el cumplimiento de los objetivos trazados para la temporada 2026\u00bb.<\/span><\/p>\n<p><span style=\"color: #000000;\">Asimismo, el club agradeci\u00f3 al entrenador por los servicios brindados y le dese\u00f3 los mejores \u00e9xitos en su carrera profesional para futuros proyectos deportivos.<\/span><\/p>\n<p><span style=\"color: #000000;\">Ahora, el elenco cusque\u00f1o deber\u00e1 buscar un perfil de director t\u00e9cnico que encaje con sus intereses deportivos, para poder remontar en la tabla de posiciones del Torneo Apertura de la Liga 1.<\/span><\/p>\n<blockquote class=\"twitter-tweet\">\n<p dir=\"ltr\" lang=\"pt\">\ud83d\udccc COMUNICADO OFICIAL <a href=\"https:\/\/t.co\/evNBAKQqKN\">pic.twitter.com\/evNBAKQqKN<\/a><\/p>\n<p>\u2014 Club Deportivo Garcilaso (@CD_Garcilaso) <a href=\"https:\/\/twitter.com\/CD_Garcilaso\/status\/2029339153867981246?ref_src=twsrc%5Etfw\">March 4, 2026<\/a><\/p><\/blockquote>\n<p><script async src=\"https:\/\/platform.twitter.com\/widgets.js\" charset=\"utf-8\"><\/script><\/p>\n","protected":false},"excerpt":{"rendered":"<p>El cuadro cusque\u00f1o fue eliminado de la Copa Sudamericana el \u00faltimo martes tras caer ante Alianza Atl\u00e9tico. Cusco, 5 de marzo 2026 (ANDINA).- Deportivo Garcilaso hizo oficial la salida del entrenador argentino, quien asumi\u00f3 el cargo en el equipo en la presente temporada; sin embargo, el &#8216;Rico Garci&#8217; tuvo un mal comienzo de a\u00f1o que [&hellip;]<\/p>\n","protected":false},"author":1,"featured_media":147232,"comment_status":"closed","ping_status":"closed","sticky":false,"template":"","format":"standard","meta":{"rop_custom_images_group":[],"rop_custom_messages_group":[],"rop_publish_now":"initial","rop_publish_now_accounts":[],"rop_publish_now_history":[],"rop_publish_now_status":"pending","footnotes":""},"categories":[8],"tags":[7458],"class_list":["post-147231","post","type-post","status-publish","format-standard","has-post-thumbnail","hentry","category-disciplinas-deportivas","tag-deportivo-garcilaso"],"_links":{"self":[{"href":"https:\/\/elinformanteperu.com\/index.php\/wp-json\/wp\/v2\/posts\/147231","targetHints":{"allow":["GET"]}}],"collection":[{"href":"https:\/\/elinformanteperu.com\/index.php\/wp-json\/wp\/v2\/posts"}],"about":[{"href":"https:\/\/elinformanteperu.com\/index.php\/wp-json\/wp\/v2\/types\/post"}],"author":[{"embeddable":true,"href":"https:\/\/elinformanteperu.com\/index.php\/wp-json\/wp\/v2\/users\/1"}],"replies":[{"embeddable":true,"href":"https:\/\/elinformanteperu.com\/index.php\/wp-json\/wp\/v2\/comments?post=147231"}],"version-history":[{"count":1,"href":"https:\/\/elinformanteperu.com\/index.php\/wp-json\/wp\/v2\/posts\/147231\/revisions"}],"predecessor-version":[{"id":147233,"href":"https:\/\/elinformanteperu.com\/index.php\/wp-json\/wp\/v2\/posts\/147231\/revisions\/147233"}],"wp:featuredmedia":[{"embeddable":true,"href":"https:\/\/elinformanteperu.com\/index.php\/wp-json\/wp\/v2\/media\/147232"}],"wp:attachment":[{"href":"https:\/\/elinformanteperu.com\/index.php\/wp-json\/wp\/v2\/media?parent=147231"}],"wp:term":[{"taxonomy":"category","embeddable":true,"href":"https:\/\/elinformanteperu.com\/index.php\/wp-json\/wp\/v2\/categories?post=147231"},{"taxonomy":"post_tag","embeddable":true,"href":"https:\/\/elinformanteperu.com\/index.php\/wp-json\/wp\/v2\/tags?post=147231"}],"curies":[{"name":"wp","href":"https:\/\/api.w.org\/{rel}","templated":true}]}}