{"id":147219,"date":"2026-03-06T01:19:38","date_gmt":"2026-03-06T06:19:38","guid":{"rendered":"https:\/\/elinformanteperu.com\/?p=147219"},"modified":"2026-03-06T01:19:38","modified_gmt":"2026-03-06T06:19:38","slug":"uribe-asegura-que-cristal-tratara-de-hacer-prevalecer-su-localia-ante-carabobo-fc","status":"publish","type":"post","link":"https:\/\/elinformanteperu.com\/index.php\/2026\/03\/06\/uribe-asegura-que-cristal-tratara-de-hacer-prevalecer-su-localia-ante-carabobo-fc\/","title":{"rendered":"Uribe asegura que Cristal tratar\u00e1 de hacer prevalecer su local\u00eda ante Carabobo FC"},"content":{"rendered":"<p><strong><span style=\"color: #000000;\">El director general de f\u00fatbol cree que el partido de vuelta ante los venezolanos \u00abser\u00e1 dur\u00edsimo\u00bb<\/span><\/strong><\/p>\n<p><span style=\"color: #000000;\"><strong>Lima, 5 de marzo 2026 (ANDINA).-<\/strong> Cauto y sin triunfalismos por la victoria ante Carabobo FC se mostr\u00f3 el director general de f\u00fatbol de Sporting Cristal, Julio C\u00e9sar Uribe, quien dijo que cada partido es diferente, pero que tratar\u00e1n de hacer prevalecer la local\u00eda en el cotejo de vuelta por la Fase 3 de la Copa Libertadores.<\/span><\/p>\n<p><span style=\"color: #000000;\">Uribe resalt\u00f3 el esfuerzo desplegado por los jugadores celestes para obtener el 1-0 en el partido de ida disputado el \u00faltimo mi\u00e9rcoles, en horas de la noche.<\/span><\/p>\n<p><span style=\"color: #000000;\">Al mismo tiempo admiti\u00f3 que el encuentro de vuelta, que se jugar\u00e1 el mi\u00e9rcoles 11 de marzo, ser\u00e1 muy duro porque enfrentar\u00e1n a un rival como Carabobo FC herido.<\/span><\/p>\n<p><span style=\"color: #000000;\">\u201cSeguimos mejorando. Tenemos la tranquilidad de haber ganado tres puntos, pero somos conscientes de que el partido de vuelta ser\u00e1 dur\u00edsimo\u201d, indic\u00f3<\/span><\/p>\n<p><span style=\"color: #000000;\">Agreg\u00f3: \u201cCada partido es una historia diferente, pero trataremos de hacer prevalecer la local\u00eda\u201d.<\/span><\/p>\n<p><span style=\"color: #000000;\">Julio C\u00e9sar Uribe dijo que Cristal va paso a paso y eso hace que dejen de lado, por un momento, la Copa Libertadores para pensar en Alianza Atl\u00e9tico, que ser\u00e1 su pr\u00f3ximo rival del Torneo Apertura.<\/span><\/p>\n<p><span style=\"color: #000000;\">\u201cEsto es paso a paso. No pensamos en el mi\u00e9rcoles, pensamos en el s\u00e1bado y luego en el otro partido. Como profesionales seguiremos creciendo\u201d, finaliz\u00f3.<\/span><\/p>\n<p><span style=\"color: #000000;\">Sporting Cristal se encuentra a 90 minutos de clasificarse a la fase de grupos de la Copa Libertadores, objetivo que lograr\u00e1 si el mi\u00e9rcoles 11 de marzo, a las 17:00 horas, le gana o empata o Carabobo FC, en el Estadio Alejandro Villanueva.<\/span><\/p>\n","protected":false},"excerpt":{"rendered":"<p>El director general de f\u00fatbol cree que el partido de vuelta ante los venezolanos \u00abser\u00e1 dur\u00edsimo\u00bb Lima, 5 de marzo 2026 (ANDINA).- Cauto y sin triunfalismos por la victoria ante Carabobo FC se mostr\u00f3 el director general de f\u00fatbol de Sporting Cristal, Julio C\u00e9sar Uribe, quien dijo que cada partido es diferente, pero que tratar\u00e1n [&hellip;]<\/p>\n","protected":false},"author":1,"featured_media":147220,"comment_status":"closed","ping_status":"closed","sticky":false,"template":"","format":"standard","meta":{"rop_custom_images_group":[],"rop_custom_messages_group":[],"rop_publish_now":"initial","rop_publish_now_accounts":[],"rop_publish_now_history":[],"rop_publish_now_status":"pending","footnotes":""},"categories":[8],"tags":[8760,8736,585,200],"class_list":["post-147219","post","type-post","status-publish","format-standard","has-post-thumbnail","hentry","category-disciplinas-deportivas","tag-carabobo-vs-cristal","tag-copa-libertadores-2026","tag-julio-cesar-uribe","tag-sporting-cristal"],"_links":{"self":[{"href":"https:\/\/elinformanteperu.com\/index.php\/wp-json\/wp\/v2\/posts\/147219","targetHints":{"allow":["GET"]}}],"collection":[{"href":"https:\/\/elinformanteperu.com\/index.php\/wp-json\/wp\/v2\/posts"}],"about":[{"href":"https:\/\/elinformanteperu.com\/index.php\/wp-json\/wp\/v2\/types\/post"}],"author":[{"embeddable":true,"href":"https:\/\/elinformanteperu.com\/index.php\/wp-json\/wp\/v2\/users\/1"}],"replies":[{"embeddable":true,"href":"https:\/\/elinformanteperu.com\/index.php\/wp-json\/wp\/v2\/comments?post=147219"}],"version-history":[{"count":1,"href":"https:\/\/elinformanteperu.com\/index.php\/wp-json\/wp\/v2\/posts\/147219\/revisions"}],"predecessor-version":[{"id":147221,"href":"https:\/\/elinformanteperu.com\/index.php\/wp-json\/wp\/v2\/posts\/147219\/revisions\/147221"}],"wp:featuredmedia":[{"embeddable":true,"href":"https:\/\/elinformanteperu.com\/index.php\/wp-json\/wp\/v2\/media\/147220"}],"wp:attachment":[{"href":"https:\/\/elinformanteperu.com\/index.php\/wp-json\/wp\/v2\/media?parent=147219"}],"wp:term":[{"taxonomy":"category","embeddable":true,"href":"https:\/\/elinformanteperu.com\/index.php\/wp-json\/wp\/v2\/categories?post=147219"},{"taxonomy":"post_tag","embeddable":true,"href":"https:\/\/elinformanteperu.com\/index.php\/wp-json\/wp\/v2\/tags?post=147219"}],"curies":[{"name":"wp","href":"https:\/\/api.w.org\/{rel}","templated":true}]}}