{"id":147197,"date":"2026-03-06T00:32:49","date_gmt":"2026-03-06T05:32:49","guid":{"rendered":"https:\/\/elinformanteperu.com\/?p=147197"},"modified":"2026-03-06T00:32:49","modified_gmt":"2026-03-06T05:32:49","slug":"bose-encendio-lima-y-toco-el-corazon-de-los-peruanos","status":"publish","type":"post","link":"https:\/\/elinformanteperu.com\/index.php\/2026\/03\/06\/bose-encendio-lima-y-toco-el-corazon-de-los-peruanos\/","title":{"rendered":"Bos\u00e9 encendi\u00f3 Lima y toc\u00f3 el coraz\u00f3n de los peruanos"},"content":{"rendered":"<p><span style=\"color: #000000;\"><strong>Lima, 5 de marzo 2026 (ANDINA).-<\/strong> Miguel Bos\u00e9 regres\u00f3 a Lima tras 14 a\u00f1os de no pisar un escenario peruano y lo hizo de la mano de sus m\u00e1s entra\u00f1ables canciones; lo que hizo que el respetable regresara en el tiempo de la mano del artista.<\/span><\/p>\n<p><span style=\"color: #000000;\">Impecable sobre el escenario, Bos\u00e9 inici\u00f3 el tr\u00e1nsito musical con temas como Mirarte, Duende, El hijo del Capit\u00e1n Trueno, Nena; entre muchos otros.<\/span><\/p>\n<p><span style=\"color: #000000;\">Bos\u00e9 visit\u00f3 Lima como parte de su esperada gira Importante Tour 2025\u20132026, en la que busca no solo celebrar su trayectoria, sino revivir sobre el escenario canciones que han marcado generaciones en toda Latinoam\u00e9rica.<\/span><\/p>\n<p><span style=\"color: #000000;\">Su cuerpo de baile ejecut\u00f3 de manera exacta todas y cada una de sus coreograf\u00edas, lo que encendi\u00f3 la noche porque las canciones se pod\u00edan ver y sentir; en una puesta en escena renovada.<\/span><\/p>\n<p><a href=\"https:\/\/elinformanteperu.com\/wp-content\/uploads\/2026\/03\/miguel-bose-concierto1.webp\"><img fetchpriority=\"high\" decoding=\"async\" class=\"size-full wp-image-147199 aligncenter\" src=\"https:\/\/elinformanteperu.com\/wp-content\/uploads\/2026\/03\/miguel-bose-concierto1.webp\" alt=\"\" width=\"500\" height=\"333\" srcset=\"https:\/\/elinformanteperu.com\/wp-content\/uploads\/2026\/03\/miguel-bose-concierto1.webp 500w, https:\/\/elinformanteperu.com\/wp-content\/uploads\/2026\/03\/miguel-bose-concierto1-300x200.webp 300w\" sizes=\"(max-width: 500px) 100vw, 500px\" \/><\/a><span style=\"color: #000000;\">El referente del pop en espa\u00f1ol comenz\u00f3 puntual su concierto y a lo largo de casi dos horas cautiv\u00f3 no solo con sus interpretaciones sino con la conexi\u00f3n que estableci\u00f3 con el p\u00fablico.<\/span><\/p>\n<p><span style=\"color: #000000;\">El artista como siempre mostr\u00f3 una puesta en escena impecable, con diversos cambios que marcaban cada etapa de las interpretaciones.<\/span><\/p>\n<p><span style=\"color: #000000;\">Temas como Morena m\u00eda y Amar\u00e9 as\u00ed como Don Diablo llenaron de alegr\u00eda a los asistentes que disfrutaron los temas como una despedida del artista en esta parte de Latinoam\u00e9rica.<\/span><\/p>\n<p><span style=\"color: #000000;\">La noche se iba apagando y con ello el set list del artista mientras que sus seguidores le lanzaban frases de cari\u00f1o y record\u00e1ndole por qu\u00e9 aman su m\u00fasica.<\/span><\/p>\n<p><a href=\"https:\/\/elinformanteperu.com\/wp-content\/uploads\/2026\/03\/miguel-bose-concierto2.webp\"><img decoding=\"async\" class=\"size-full wp-image-147200 aligncenter\" src=\"https:\/\/elinformanteperu.com\/wp-content\/uploads\/2026\/03\/miguel-bose-concierto2.webp\" alt=\"\" width=\"500\" height=\"333\" srcset=\"https:\/\/elinformanteperu.com\/wp-content\/uploads\/2026\/03\/miguel-bose-concierto2.webp 500w, https:\/\/elinformanteperu.com\/wp-content\/uploads\/2026\/03\/miguel-bose-concierto2-300x200.webp 300w\" sizes=\"(max-width: 500px) 100vw, 500px\" \/><\/a><\/p>\n","protected":false},"excerpt":{"rendered":"<p>Lima, 5 de marzo 2026 (ANDINA).- Miguel Bos\u00e9 regres\u00f3 a Lima tras 14 a\u00f1os de no pisar un escenario peruano y lo hizo de la mano de sus m\u00e1s entra\u00f1ables canciones; lo que hizo que el respetable regresara en el tiempo de la mano del artista. Impecable sobre el escenario, Bos\u00e9 inici\u00f3 el tr\u00e1nsito musical [&hellip;]<\/p>\n","protected":false},"author":1,"featured_media":147198,"comment_status":"closed","ping_status":"closed","sticky":false,"template":"","format":"standard","meta":{"rop_custom_images_group":[],"rop_custom_messages_group":[],"rop_publish_now":"initial","rop_publish_now_accounts":[],"rop_publish_now_history":[],"rop_publish_now_status":"pending","footnotes":""},"categories":[69],"tags":[6263,8643,5784],"class_list":["post-147197","post","type-post","status-publish","format-standard","has-post-thumbnail","hentry","category-musica","tag-conciertos","tag-conciertos-2026","tag-miguel-bose"],"_links":{"self":[{"href":"https:\/\/elinformanteperu.com\/index.php\/wp-json\/wp\/v2\/posts\/147197","targetHints":{"allow":["GET"]}}],"collection":[{"href":"https:\/\/elinformanteperu.com\/index.php\/wp-json\/wp\/v2\/posts"}],"about":[{"href":"https:\/\/elinformanteperu.com\/index.php\/wp-json\/wp\/v2\/types\/post"}],"author":[{"embeddable":true,"href":"https:\/\/elinformanteperu.com\/index.php\/wp-json\/wp\/v2\/users\/1"}],"replies":[{"embeddable":true,"href":"https:\/\/elinformanteperu.com\/index.php\/wp-json\/wp\/v2\/comments?post=147197"}],"version-history":[{"count":1,"href":"https:\/\/elinformanteperu.com\/index.php\/wp-json\/wp\/v2\/posts\/147197\/revisions"}],"predecessor-version":[{"id":147201,"href":"https:\/\/elinformanteperu.com\/index.php\/wp-json\/wp\/v2\/posts\/147197\/revisions\/147201"}],"wp:featuredmedia":[{"embeddable":true,"href":"https:\/\/elinformanteperu.com\/index.php\/wp-json\/wp\/v2\/media\/147198"}],"wp:attachment":[{"href":"https:\/\/elinformanteperu.com\/index.php\/wp-json\/wp\/v2\/media?parent=147197"}],"wp:term":[{"taxonomy":"category","embeddable":true,"href":"https:\/\/elinformanteperu.com\/index.php\/wp-json\/wp\/v2\/categories?post=147197"},{"taxonomy":"post_tag","embeddable":true,"href":"https:\/\/elinformanteperu.com\/index.php\/wp-json\/wp\/v2\/tags?post=147197"}],"curies":[{"name":"wp","href":"https:\/\/api.w.org\/{rel}","templated":true}]}}