{"id":147187,"date":"2026-03-05T02:31:03","date_gmt":"2026-03-05T07:31:03","guid":{"rendered":"https:\/\/elinformanteperu.com\/?p=147187"},"modified":"2026-03-05T02:31:03","modified_gmt":"2026-03-05T07:31:03","slug":"congreso-otorga-plazo-de-15-dias-para-investigar-denuncias-contra-dina-boluarte","status":"publish","type":"post","link":"https:\/\/elinformanteperu.com\/index.php\/2026\/03\/05\/congreso-otorga-plazo-de-15-dias-para-investigar-denuncias-contra-dina-boluarte\/","title":{"rendered":"Congreso otorga plazo de 15 d\u00edas para investigar denuncias contra Dina Boluarte"},"content":{"rendered":"<p><span style=\"color: #000000;\"><strong>Lima, 4 de marzo 2026 (ANDINA).-<\/strong> La Comisi\u00f3n Permanente otorg\u00f3 un plazo de 15 d\u00edas h\u00e1biles a la Subcomisi\u00f3n de Acusaciones Constitucionales con el fin de que investigue y presente su informe final respecto a las denuncias constitucionales 533, 589 y 598, declarada procedente en un extremo, presentada contra la expresidenta Dina Boluarte Zegarra.<\/span><\/p>\n<p><span style=\"color: #000000;\">Se le imputa a la exmandataria la presunta comisi\u00f3n de los delitos de omisi\u00f3n de funciones y, alternativamente, abandono del cargo, tipificados en los art\u00edculos 377 y 380 del C\u00f3digo Penal.<\/span><\/p>\n<p><span style=\"color: #000000;\">El referido plazo fue otorgado por unanimidad (20 votos) en cumplimiento del inciso d) del art\u00edculo 89 del Reglamento del Congreso de la Rep\u00fablica, referido al procedimiento de acusaci\u00f3n constitucional.<\/span><\/p>\n<p><span style=\"color: #000000;\">Cabe indicar que las citadas denuncias constitucionales fueron presentadas por los congresistas Ruth Luque Ibarra, Margot Palacios Huam\u00e1n y Carlos Zeballos Madariaga y la exfiscal de la naci\u00f3n, Delia Espinoza Valenzuela.<\/span><\/p>\n<p><span style=\"color: #000000;\">Seg\u00fan el informe de calificaci\u00f3n, las denuncias tienen como sustento f\u00e1ctico que la denunciada, mientras ejerci\u00f3 el cargo de presidenta de la republica se realiz\u00f3 una serie de operaciones quir\u00fargicas en junio de 2023 y que no habr\u00eda podido ejercer el cargo hasta el 10 de julio del mismo a\u00f1o.<\/span><\/p>\n<p><span style=\"color: #000000;\">Previamente, la presidenta de la Subcomisi\u00f3n de Acusaciones Constitucionales, Lady Camones (APP), propuso la acumulaci\u00f3n de las denuncias constitucionales 533, 589 y 598, en el extremo que imputan a Dina Boluarte en su condici\u00f3n de expresidenta de la rep\u00fablica, en m\u00e9rito de lo dispuesto en el art\u00edculo 89, literal c), del Reglamento del Congreso, al existir conexidad entre los hechos, materia y partes.<\/span><\/p>\n<p><span style=\"color: #000000;\">De otro lado, en el extremo de la denuncia constitucional declarada improcedente, pas\u00f3 al archivo.<\/span><\/p>\n","protected":false},"excerpt":{"rendered":"<p>Lima, 4 de marzo 2026 (ANDINA).- La Comisi\u00f3n Permanente otorg\u00f3 un plazo de 15 d\u00edas h\u00e1biles a la Subcomisi\u00f3n de Acusaciones Constitucionales con el fin de que investigue y presente su informe final respecto a las denuncias constitucionales 533, 589 y 598, declarada procedente en un extremo, presentada contra la expresidenta Dina Boluarte Zegarra. Se [&hellip;]<\/p>\n","protected":false},"author":1,"featured_media":147188,"comment_status":"closed","ping_status":"closed","sticky":false,"template":"","format":"standard","meta":{"rop_custom_images_group":[],"rop_custom_messages_group":[],"rop_publish_now":"initial","rop_publish_now_accounts":[],"rop_publish_now_history":[],"rop_publish_now_status":"pending","footnotes":""},"categories":[5],"tags":[192,6528],"class_list":["post-147187","post","type-post","status-publish","format-standard","has-post-thumbnail","hentry","category-actualidad-informativa","tag-congreso","tag-dina-boluarte"],"_links":{"self":[{"href":"https:\/\/elinformanteperu.com\/index.php\/wp-json\/wp\/v2\/posts\/147187","targetHints":{"allow":["GET"]}}],"collection":[{"href":"https:\/\/elinformanteperu.com\/index.php\/wp-json\/wp\/v2\/posts"}],"about":[{"href":"https:\/\/elinformanteperu.com\/index.php\/wp-json\/wp\/v2\/types\/post"}],"author":[{"embeddable":true,"href":"https:\/\/elinformanteperu.com\/index.php\/wp-json\/wp\/v2\/users\/1"}],"replies":[{"embeddable":true,"href":"https:\/\/elinformanteperu.com\/index.php\/wp-json\/wp\/v2\/comments?post=147187"}],"version-history":[{"count":1,"href":"https:\/\/elinformanteperu.com\/index.php\/wp-json\/wp\/v2\/posts\/147187\/revisions"}],"predecessor-version":[{"id":147189,"href":"https:\/\/elinformanteperu.com\/index.php\/wp-json\/wp\/v2\/posts\/147187\/revisions\/147189"}],"wp:featuredmedia":[{"embeddable":true,"href":"https:\/\/elinformanteperu.com\/index.php\/wp-json\/wp\/v2\/media\/147188"}],"wp:attachment":[{"href":"https:\/\/elinformanteperu.com\/index.php\/wp-json\/wp\/v2\/media?parent=147187"}],"wp:term":[{"taxonomy":"category","embeddable":true,"href":"https:\/\/elinformanteperu.com\/index.php\/wp-json\/wp\/v2\/categories?post=147187"},{"taxonomy":"post_tag","embeddable":true,"href":"https:\/\/elinformanteperu.com\/index.php\/wp-json\/wp\/v2\/tags?post=147187"}],"curies":[{"name":"wp","href":"https:\/\/api.w.org\/{rel}","templated":true}]}}