{"id":147181,"date":"2026-03-05T02:17:50","date_gmt":"2026-03-05T07:17:50","guid":{"rendered":"https:\/\/elinformanteperu.com\/?p=147181"},"modified":"2026-03-05T02:18:19","modified_gmt":"2026-03-05T07:18:19","slug":"minem-reparacion-del-gasoducto-puede-ser-menor-a-los-14-dias-previstos","status":"publish","type":"post","link":"https:\/\/elinformanteperu.com\/index.php\/2026\/03\/05\/minem-reparacion-del-gasoducto-puede-ser-menor-a-los-14-dias-previstos\/","title":{"rendered":"Minem: reparaci\u00f3n del gasoducto puede ser menor a los 14 d\u00edas previstos"},"content":{"rendered":"<p><strong><span style=\"color: #000000;\">Mientras tanto se prioriza el consumo dom\u00e9stico, transporte p\u00fablico, hospitales e industrias cr\u00edticas<\/span><\/strong><\/p>\n<p><span style=\"color: #000000;\"><strong>Lima, 4 de marzo 2026 (ANDINA).-<\/strong> El ministro de Energ\u00eda y Minas, \u00c1ngelo Alfaro, se\u00f1al\u00f3 hoy que la reparaci\u00f3n del gasoducto que transporta l\u00edquidos de gas natural desde la planta Las Malvinas en Camisea a la costa del pa\u00eds puede tomar menos de los 14 d\u00edas previstos inicialmente.<\/span><\/p>\n<p><span style=\"color: #000000;\">El domingo 1 de marzo de este a\u00f1o se detect\u00f3 una fuga de gas acompa\u00f1ada de una deflagraci\u00f3n en la estaci\u00f3n de v\u00e1lvulas ubicadas en el kil\u00f3metro 43 (KP 43) ubicado en el distrito de Megantoni, provincia de La Convenci\u00f3n, departamento de Cusco, lo cual origin\u00f3 que se detuviera el transporte de l\u00edquidos de gas natural.<\/span><\/p>\n<p><span style=\"color: #000000;\">\u201cCon la presencia de TGP en el sitio y con mayor evaluaci\u00f3n ya se ha previsto que pueden ser menores d\u00edas, lo cual nos da m\u00e1s tranquilidad de poder administrar lo poco que ha quedado de gas en el tubo\u201d, dijo el ministro Alfaro en Canal N.<\/span><\/p>\n<p><span style=\"color: #000000;\">En ese sentido, precis\u00f3 que se priorizar\u00e1n el consumo de gas natural en viviendas, transporte p\u00fablico masivo, hospitales e incluso carros recoge basuras, as\u00ed como algunas industrias muy cr\u00edticas.<\/span><\/p>\n<p><span style=\"color: #000000;\">El titular del Ministerio de Energ\u00eda y Minas (Minem), refiri\u00f3 que desde el d\u00eda que ocurri\u00f3 el evento en el gaseoducto, se encontraba en una feria internacional de miner\u00eda en Canad\u00e1, sin embargo, apenas recibida la noticias se empezaron a tomar medidas para enfrentar este escenario.<\/span><\/p>\n<p><span style=\"color: #000000;\">Para ello, se form\u00f3 un comit\u00e9 de crisis con la participaci\u00f3n de todos los involucrados en la cadena de suministro de gas natural a los consumidores, desde la empresa TGP operadora del gasoducto, Petroper\u00fa, Osinergmin, COES, Kallpa, C\u00e1lidda.<\/span><\/p>\n<p><span style=\"color: #000000;\">\u201cPara ver todos las variables y poner todas las cartas en la mesa y ver c\u00f3mo enfrentamos esto porque realmente es un problema bastante serio\u201d, indic\u00f3.<\/span><\/p>\n<p><span style=\"color: #000000;\">En cuanto al problema de abastecimiento para los taxistas que utilizan GNV, indic\u00f3 que \u201cno es intenci\u00f3n del gobierno de zafar el cuerpo\u201d, y que lamentablemente es una falla imprevista en la que el gobierno no tiene absolutamente ninguna responsabilidad por ning\u00fan lado.<\/span><\/p>\n<p><span style=\"color: #000000;\">\u201cPero s\u00ed, hemos tomado el toro por las astas, hemos convocado a todos los actores\u201d, enfatiz\u00f3.<\/span><\/p>\n<p><span style=\"color: #000000;\">En ese sentido, indic\u00f3 que se brindan las facilidades para la reparaci\u00f3n pronta del ducto por donde se transporta l\u00edquidos de gas natural.<\/span><\/p>\n<p><span style=\"color: #000000;\">\u201cIncluso las Fuerzas Armadas est\u00e1n apoyando ah\u00ed, ahorita miembros del Ej\u00e9rcito est\u00e1n resguardando. Hemos puesto los helic\u00f3pteros del Ej\u00e9rcito y la FAP en apoyo, para poder transportar la mayor cantidad de equipo al punto de del accidente\u201d, explic\u00f3.<\/span><\/p>\n<p><span style=\"color: #000000;\">Tambi\u00e9n anunci\u00f3 que hoy se reunir\u00e1n con los representantes de los taxistas, conjuntamente con el viceministro de Transportes Juan Haro, por cuanto ya se han tomado varias medidas que ser\u00e1n comunicadas a los taxistas.<\/span><\/p>\n<p><span style=\"color: #000000;\">\u201cVan a tener un trato directo, no estamos d\u00e1ndoles las espaldas de ninguna manera\u201d, afirm\u00f3.<\/span><\/p>\n<p><span style=\"color: #000000;\">Refiri\u00f3 que los taxistas ahora pagar\u00e1n m\u00e1s por su combustible, lo que incidir\u00e1 en una mayor tarifa de transporte.<\/span><\/p>\n<p><span style=\"color: #000000;\">Tambi\u00e9n el ministro de Energ\u00eda y Minas, \u00c1ngelo Alfaro anunci\u00f3 que viajar\u00e1 este viernes a la zona donde ocurri\u00f3 el incidente con el gasoducto para evaluar los avances, porque hoy se presenta ante el Congreso para explicar c\u00f3mo se ha manejado esta crisis.<\/span><\/p>\n<p><span style=\"color: #000000;\">\u201cYo he trabajado muchos a\u00f1os en el sector petrolero y conozco tambi\u00e9n bastante cerca a los trabajos t\u00e9cnicos\u201d, dijo.<\/span><\/p>\n<p><span style=\"color: #000000;\">Asimismo, indic\u00f3 que dada las circunstancias de esta crisis, se est\u00e1 posibilitando a las industrias que utilicen otras fuentes de energ\u00eda que no sea el gas natural, como es el Gas Licuado de Petr\u00f3leo (GLP) o el Di\u00e9sel 2.<\/span><\/p>\n<p><strong><span style=\"color: #000000;\">Planta gasificadora<\/span><\/strong><\/p>\n<p><span style=\"color: #000000;\">El titular del Minem, se\u00f1al\u00f3 que hace 10 a\u00f1os ya se plante\u00f3 construir otro gasoducto, pero tras un accidente se detuvo el proyecto, sin embargo m\u00e1s importante es tener una planta gasificadora en la costa.<\/span><\/p>\n<p><span style=\"color: #000000;\">\u201cHace m\u00e1s de 10 a\u00f1os que el ministerio (Minem) y los especialistas han planteado la necesidad de tener una planta gasificadora. Porque \u00bfqu\u00e9 es lo que pasa ahorita? \u00bfQu\u00e9 pasar\u00eda en una cat\u00e1strofe, por decir, que se paraliza un mes? Por m\u00e1s que tengamos 100 tubos no llega nada\u201d, explic\u00f3.<\/span><\/p>\n<p><span style=\"color: #000000;\">\u201cY no podemos traer un ahorita un barco metanero porque el barco viene con el gas licuado a temperatura de 160 grados bajo cero. Ese gas tiene que ser calentado y gasificado, por eso se requiere una planta gasificadora que no se tiene\u201d, enfatiz\u00f3.<\/span><\/p>\n<p><span style=\"color: #000000;\">En ese sentido, anunci\u00f3 que se ha conversado al interior del gobierno y se ha planteado el compromiso de retomar este tema de la planta gasificadora, a fin que antes que concluya el presente gobierno, dejar las bases establecidas o el concurso hecho para dentro de 2 a\u00f1os se tenga una planta gasificadora y no se sufra otra vez ante este tipo de incidentes.<\/span><\/p>\n<p><span style=\"color: #000000;\">El ministro Alfaro, enfatiz\u00f3 que la construcci\u00f3n de la planta gasificadora no demandar\u00e1 recursos del Estado, porque ser\u00e1 un privado con sus propios recursos que la construya.<\/span><\/p>\n<p><span style=\"color: #000000;\">Explic\u00f3 que una planta gasificadora tiene una reserva para 30 d\u00edas, tiempo suficiente para traer \u201cun barco metanero\u201d a fin de abastecer el mercado dom\u00e9stico, y se cubrir\u00eda as\u00ed el 100% de la demanda de gas natural en el pa\u00eds.<\/span><\/p>\n<p><span style=\"color: #000000;\">\u201cAhora hay muchas ventajas, el gas natural en el Per\u00fa es el m\u00e1s barato de Am\u00e9rica y uno de los m\u00e1s baratos del mundo\u201d, enfatiz\u00f3.<\/span><\/p>\n<p><strong><span style=\"color: #000000;\">M\u00e1s exploraciones<\/span><\/strong><\/p>\n<p><span style=\"color: #000000;\">De otro lado, el titular del Minem, enfatiz\u00f3 la importancia de realizar m\u00e1s exploraciones para incrementar las reservas de gas natural, que se tienen probadas para 15 a\u00f1os.<\/span><\/p>\n<p><span style=\"color: #000000;\">\u201cOtro punto que nos hemos puesto tambi\u00e9n como meta, son los plazos para destrabar los pozos petroleros parados que nos ocasionan miles de millones de d\u00f3lares de p\u00e9rdida\u201d, dijo.<\/span><\/p>\n<p><span style=\"color: #000000;\">Asimismo, se van a concesionar las exploraciones de gas que ya est\u00e1n identificadas y que hay mucha voluntad de inversionistas de trabajar en este tema.<\/span><\/p>\n<p><span style=\"color: #000000;\">\u201cDe tal manera, en estos 5 meses, por lo menos asegurar que no vuelva a pasar en un corto tiempo los problemas que estamos pasando ahorita, asegurar un incremento de la reserva de gas natural para la tranquilidad de la poblaci\u00f3n y asegurarnos de que esta industria sirva verdaderamente con seguridad para el desarrollo de Per\u00fa\u201d, afirm\u00f3.<\/span><\/p>\n","protected":false},"excerpt":{"rendered":"<p>Mientras tanto se prioriza el consumo dom\u00e9stico, transporte p\u00fablico, hospitales e industrias cr\u00edticas Lima, 4 de marzo 2026 (ANDINA).- El ministro de Energ\u00eda y Minas, \u00c1ngelo Alfaro, se\u00f1al\u00f3 hoy que la reparaci\u00f3n del gasoducto que transporta l\u00edquidos de gas natural desde la planta Las Malvinas en Camisea a la costa del pa\u00eds puede tomar menos [&hellip;]<\/p>\n","protected":false},"author":1,"featured_media":147182,"comment_status":"closed","ping_status":"closed","sticky":false,"template":"","format":"standard","meta":{"rop_custom_images_group":[],"rop_custom_messages_group":[],"rop_publish_now":"initial","rop_publish_now_accounts":[],"rop_publish_now_history":[],"rop_publish_now_status":"pending","footnotes":""},"categories":[5],"tags":[8765,5202,322,434],"class_list":["post-147181","post","type-post","status-publish","format-standard","has-post-thumbnail","hentry","category-actualidad-informativa","tag-calidda","tag-minem","tag-ministerio-de-energia-y-minas","tag-osinergmin"],"_links":{"self":[{"href":"https:\/\/elinformanteperu.com\/index.php\/wp-json\/wp\/v2\/posts\/147181","targetHints":{"allow":["GET"]}}],"collection":[{"href":"https:\/\/elinformanteperu.com\/index.php\/wp-json\/wp\/v2\/posts"}],"about":[{"href":"https:\/\/elinformanteperu.com\/index.php\/wp-json\/wp\/v2\/types\/post"}],"author":[{"embeddable":true,"href":"https:\/\/elinformanteperu.com\/index.php\/wp-json\/wp\/v2\/users\/1"}],"replies":[{"embeddable":true,"href":"https:\/\/elinformanteperu.com\/index.php\/wp-json\/wp\/v2\/comments?post=147181"}],"version-history":[{"count":1,"href":"https:\/\/elinformanteperu.com\/index.php\/wp-json\/wp\/v2\/posts\/147181\/revisions"}],"predecessor-version":[{"id":147183,"href":"https:\/\/elinformanteperu.com\/index.php\/wp-json\/wp\/v2\/posts\/147181\/revisions\/147183"}],"wp:featuredmedia":[{"embeddable":true,"href":"https:\/\/elinformanteperu.com\/index.php\/wp-json\/wp\/v2\/media\/147182"}],"wp:attachment":[{"href":"https:\/\/elinformanteperu.com\/index.php\/wp-json\/wp\/v2\/media?parent=147181"}],"wp:term":[{"taxonomy":"category","embeddable":true,"href":"https:\/\/elinformanteperu.com\/index.php\/wp-json\/wp\/v2\/categories?post=147181"},{"taxonomy":"post_tag","embeddable":true,"href":"https:\/\/elinformanteperu.com\/index.php\/wp-json\/wp\/v2\/tags?post=147181"}],"curies":[{"name":"wp","href":"https:\/\/api.w.org\/{rel}","templated":true}]}}