{"id":147175,"date":"2026-03-05T02:11:35","date_gmt":"2026-03-05T07:11:35","guid":{"rendered":"https:\/\/elinformanteperu.com\/?p=147175"},"modified":"2026-03-05T02:11:35","modified_gmt":"2026-03-05T07:11:35","slug":"minem-precio-del-balon-de-gas-no-debe-subir-por-emergencia-en-ducto-de-camisea","status":"publish","type":"post","link":"https:\/\/elinformanteperu.com\/index.php\/2026\/03\/05\/minem-precio-del-balon-de-gas-no-debe-subir-por-emergencia-en-ducto-de-camisea\/","title":{"rendered":"Minem: precio del bal\u00f3n de gas no debe subir por emergencia en ducto de Camisea"},"content":{"rendered":"<p><strong><span style=\"color: #000000;\">Sector pide calma y se\u00f1ala que el GLP tiene un sistema de distribuci\u00f3n distinto al gas natural<\/span><\/strong><\/p>\n<p><span style=\"color: #000000;\"><strong>Lima, 4 de marzo 2026 (ANDINA).-<\/strong> El precio del bal\u00f3n de gas (GLP) no deber\u00eda subir pese a la activaci\u00f3n del Mecanismo de Racionamiento de Gas Natural tras el incidente registrado en el ducto de Camisea, inform\u00f3 la directora general de Hidrocarburos del Ministerio de Energ\u00eda y Minas (Minem), Mar\u00eda Esther Pe\u00f1aloza Pizarro.<\/span><\/p>\n<p><span style=\"color: #000000;\">La funcionaria hizo un llamado a la calma a las familias peruanas y explic\u00f3 que el problema t\u00e9cnico afecta al gas natural por red (metano), mientras que el bal\u00f3n de cocina (GLP) sigue canales de distribuci\u00f3n distintos, por lo que no deber\u00eda verse impactado por la emergencia.<\/span><\/p>\n<p><span style=\"color: #000000;\">En entrevista con RCR, Pe\u00f1aloza precis\u00f3 que el incidente ocurrido en el distrito de Megantoni, regi\u00f3n Cusco, provoc\u00f3 un d\u00e9ficit significativo en el suministro de gas natural, lo que oblig\u00f3 a activar el mecanismo de racionamiento para priorizar el abastecimiento.<\/span><\/p>\n<p><span style=\"color: #000000;\">Detall\u00f3 que la demanda interna de gas natural en el pa\u00eds suele oscilar entre los 600 y 670 millones de pies c\u00fabicos diarios (MMPCD), pero tras el incidente la disponibilidad se redujo a alrededor de 70 MMPCD.<\/span><\/p>\n<p><span style=\"color: #000000;\">Esta ca\u00edda implica que el pa\u00eds dispone de poco m\u00e1s del 10% de su requerimiento habitual, situaci\u00f3n que la funcionaria calific\u00f3 como una \u201ccat\u00e1strofe\u201d sin precedentes en los m\u00e1s de 20 a\u00f1os de operaci\u00f3n del sistema de transporte de Camisea.<\/span><\/p>\n<p><span style=\"color: #000000;\">Ante este escenario, el Minem estableci\u00f3 un orden de prioridad en el despacho de combustible, dando preferencia a los sectores que no cuentan con sustitutos energ\u00e9ticos inmediatos, como el consumo residencial y comercial que utiliza gas natural por red.<\/span><\/p>\n<p><span style=\"color: #000000;\">En cambio, las restricciones se aplican principalmente a industrias y generadoras el\u00e9ctricas que s\u00ed cuentan con alternativas t\u00e9cnicas para operar con otros combustibles.<\/span><\/p>\n<p><span style=\"color: #000000;\">Pe\u00f1aloza record\u00f3 que est\u00e1 vigente el Decreto Supremo 063-2010, norma que permite a las empresas migrar temporalmente a combustibles sustitutos, como di\u00e9sel o residuales, sin realizar tr\u00e1mites adicionales, siempre que informen oportunamente al Organismo Supervisor de la Inversi\u00f3n en Energ\u00eda y Miner\u00eda (Osinergmin).<\/span><\/p>\n<p><span style=\"color: #000000;\">Asimismo, estim\u00f3 que los trabajos de reparaci\u00f3n en el sector KP43 del ducto tomar\u00e1n aproximadamente 14 d\u00edas, tras lo cual se espera restablecer el servicio con normalidad.<\/span><\/p>\n<p><span style=\"color: #000000;\">\u201cEl Estado, a trav\u00e9s de Osinergmin, mantendr\u00e1 una vigilancia constante para evitar especulaciones injustificadas en los precios\u201d, se\u00f1al\u00f3.<\/span><\/p>\n<p><span style=\"color: #000000;\">Finalmente, indic\u00f3 que una vez concluidos los peritajes t\u00e9cnicos y determinado el origen de la falla, se adoptar\u00e1n las acciones legales o sancionadoras correspondientes contra los responsables de la integridad de la infraestructura.<\/span><\/p>\n<p><a href=\"https:\/\/elinformanteperu.com\/wp-content\/uploads\/2025\/07\/gas-natural-lote-58.jpg\"><img fetchpriority=\"high\" decoding=\"async\" class=\"size-large wp-image-140061 aligncenter\" src=\"https:\/\/elinformanteperu.com\/wp-content\/uploads\/2025\/07\/gas-natural-lote-58-1024x683.jpg\" alt=\"\" width=\"615\" height=\"410\" srcset=\"https:\/\/elinformanteperu.com\/wp-content\/uploads\/2025\/07\/gas-natural-lote-58-1024x683.jpg 1024w, https:\/\/elinformanteperu.com\/wp-content\/uploads\/2025\/07\/gas-natural-lote-58-300x200.jpg 300w, https:\/\/elinformanteperu.com\/wp-content\/uploads\/2025\/07\/gas-natural-lote-58-768x512.jpg 768w, https:\/\/elinformanteperu.com\/wp-content\/uploads\/2025\/07\/gas-natural-lote-58-1536x1024.jpg 1536w, https:\/\/elinformanteperu.com\/wp-content\/uploads\/2025\/07\/gas-natural-lote-58.jpg 1800w\" sizes=\"(max-width: 615px) 100vw, 615px\" \/><\/a><\/p>\n","protected":false},"excerpt":{"rendered":"<p>Sector pide calma y se\u00f1ala que el GLP tiene un sistema de distribuci\u00f3n distinto al gas natural Lima, 4 de marzo 2026 (ANDINA).- El precio del bal\u00f3n de gas (GLP) no deber\u00eda subir pese a la activaci\u00f3n del Mecanismo de Racionamiento de Gas Natural tras el incidente registrado en el ducto de Camisea, inform\u00f3 la [&hellip;]<\/p>\n","protected":false},"author":1,"featured_media":147176,"comment_status":"closed","ping_status":"closed","sticky":false,"template":"","format":"standard","meta":{"rop_custom_images_group":[],"rop_custom_messages_group":[],"rop_publish_now":"initial","rop_publish_now_accounts":[],"rop_publish_now_history":[],"rop_publish_now_status":"pending","footnotes":""},"categories":[5],"tags":[1226,7471,8764,5202,322,434],"class_list":["post-147175","post","type-post","status-publish","format-standard","has-post-thumbnail","hentry","category-actualidad-informativa","tag-cusco","tag-glp","tag-megantoni","tag-minem","tag-ministerio-de-energia-y-minas","tag-osinergmin"],"_links":{"self":[{"href":"https:\/\/elinformanteperu.com\/index.php\/wp-json\/wp\/v2\/posts\/147175","targetHints":{"allow":["GET"]}}],"collection":[{"href":"https:\/\/elinformanteperu.com\/index.php\/wp-json\/wp\/v2\/posts"}],"about":[{"href":"https:\/\/elinformanteperu.com\/index.php\/wp-json\/wp\/v2\/types\/post"}],"author":[{"embeddable":true,"href":"https:\/\/elinformanteperu.com\/index.php\/wp-json\/wp\/v2\/users\/1"}],"replies":[{"embeddable":true,"href":"https:\/\/elinformanteperu.com\/index.php\/wp-json\/wp\/v2\/comments?post=147175"}],"version-history":[{"count":1,"href":"https:\/\/elinformanteperu.com\/index.php\/wp-json\/wp\/v2\/posts\/147175\/revisions"}],"predecessor-version":[{"id":147177,"href":"https:\/\/elinformanteperu.com\/index.php\/wp-json\/wp\/v2\/posts\/147175\/revisions\/147177"}],"wp:featuredmedia":[{"embeddable":true,"href":"https:\/\/elinformanteperu.com\/index.php\/wp-json\/wp\/v2\/media\/147176"}],"wp:attachment":[{"href":"https:\/\/elinformanteperu.com\/index.php\/wp-json\/wp\/v2\/media?parent=147175"}],"wp:term":[{"taxonomy":"category","embeddable":true,"href":"https:\/\/elinformanteperu.com\/index.php\/wp-json\/wp\/v2\/categories?post=147175"},{"taxonomy":"post_tag","embeddable":true,"href":"https:\/\/elinformanteperu.com\/index.php\/wp-json\/wp\/v2\/tags?post=147175"}],"curies":[{"name":"wp","href":"https:\/\/api.w.org\/{rel}","templated":true}]}}