{"id":147144,"date":"2026-03-05T01:39:14","date_gmt":"2026-03-05T06:39:14","guid":{"rendered":"https:\/\/elinformanteperu.com\/?p=147144"},"modified":"2026-03-05T01:39:14","modified_gmt":"2026-03-05T06:39:14","slug":"mundial-2026-este-es-el-novedoso-poster-oficial-del-certamen-que-presento-la-fifa","status":"publish","type":"post","link":"https:\/\/elinformanteperu.com\/index.php\/2026\/03\/05\/mundial-2026-este-es-el-novedoso-poster-oficial-del-certamen-que-presento-la-fifa\/","title":{"rendered":"Mundial 2026: Este es el novedoso p\u00f3ster oficial del certamen que present\u00f3 la FIFA"},"content":{"rendered":"<p><strong><span style=\"color: #000000;\">Es un dise\u00f1o tipo &#8216;collage&#8217; con elementos identificativos de los tres pa\u00edses anfitriones de la Copa del Mundo<\/span><\/strong><\/p>\n<p><span style=\"color: #000000;\"><strong>Z\u00farich, 4 de marzo 2026 (ANDINA).-<\/strong> La FIFA present\u00f3 el p\u00f3ster oficial del Mundial 2026 con motivo de los 100 d\u00edas que restan para el inicio del torneo, un dise\u00f1o tipo &#8216;collage&#8217; con elementos identificativos de los tres pa\u00edses anfitriones, Canad\u00e1, Estados Unidos y M\u00e9xico, que reserva su parte central a la silueta de un futbolista.<\/span><\/p>\n<p><span style=\"color: #000000;\">\u00abEl p\u00f3ster oficial de la Copa Mundial de la FIFA 2026 refleja la energ\u00eda, la diversidad y la pasi\u00f3n compartida por el f\u00fatbol que definir\u00e1n la edici\u00f3n m\u00e1s inclusiva en la historia de la competencia\u00bb, dijo en un comunicado el presidente de la FIFA, Gianni Infantino.<\/span><\/p>\n<p><span style=\"color: #000000;\">Con tonos rojos (Canad\u00e1), azules (EE.UU.) y verdes (M\u00e9xico), la obra naci\u00f3 de la colaboraci\u00f3n de artistas de los tres Estados: el canadiense Carson Ting, la mexicana Minerva GM y el estadounidense Hank Willis Thomas.<\/span><\/p>\n<p><a href=\"https:\/\/elinformanteperu.com\/wp-content\/uploads\/2026\/03\/fifa-mundial-2026-poster.webp\"><img fetchpriority=\"high\" decoding=\"async\" class=\"size-full wp-image-147146 aligncenter\" src=\"https:\/\/elinformanteperu.com\/wp-content\/uploads\/2026\/03\/fifa-mundial-2026-poster.webp\" alt=\"\" width=\"391\" height=\"500\" srcset=\"https:\/\/elinformanteperu.com\/wp-content\/uploads\/2026\/03\/fifa-mundial-2026-poster.webp 391w, https:\/\/elinformanteperu.com\/wp-content\/uploads\/2026\/03\/fifa-mundial-2026-poster-235x300.webp 235w\" sizes=\"(max-width: 391px) 100vw, 391px\" \/><\/a><span style=\"color: #000000;\">El p\u00f3ster contiene referencias culturales de los tres pa\u00edses. En el caso de M\u00e9xico muestra un \u00e1guila -animal que aparece en el escudo nacional del pa\u00eds-, flores de cempas\u00fachil, una trompeta, una maraca y un sombrero mariachi.<\/span><\/p>\n<p><span style=\"color: #000000;\">Por parte de Canad\u00e1, aparece representada la hoja de arce o animales ic\u00f3nicos como un alce, un ganso canadiense o un arrendajo azul.<\/span><\/p>\n<p><span style=\"color: #000000;\">Mientras que en el caso de Estados Unidos aparecen barras y estrellas azules, rojas y blancas, en referencia a su bandera.<\/span><\/p>\n<p><span style=\"color: #000000;\">El Mundial 2026 se disputar\u00e1 del 11 de junio al 19 de julio. La final tendr\u00e1 lugar en el MetLife Stadium de Nueva York\/Nueva Jersey.<\/span><\/p>\n<blockquote class=\"twitter-tweet\">\n<p dir=\"ltr\" lang=\"es\">El p\u00f3ster oficial del torneo presentado a 100 d\u00edas de la Copa Mundial de la FIFA 2026\u2122 \ud83e\udd29\ud83d\udcc5<\/p>\n<p>Mientras Canad\u00e1, M\u00e9xico y Estados Unidos se preparan para recibir al mundo, la obra, tipo collage, plasma la esencia, la emoci\u00f3n y la uni\u00f3n que definen este hist\u00f3rico evento deportivo.\u2026 <a href=\"https:\/\/t.co\/9MpB5zznOK\">pic.twitter.com\/9MpB5zznOK<\/a><\/p>\n<p>\u2014 FIFA (Espa\u00f1ol) (@fifacom_es) <a href=\"https:\/\/twitter.com\/fifacom_es\/status\/2029128449671987346?ref_src=twsrc%5Etfw\">March 4, 2026<\/a><\/p><\/blockquote>\n<p><script async src=\"https:\/\/platform.twitter.com\/widgets.js\" charset=\"utf-8\"><\/script><\/p>\n","protected":false},"excerpt":{"rendered":"<p>Es un dise\u00f1o tipo &#8216;collage&#8217; con elementos identificativos de los tres pa\u00edses anfitriones de la Copa del Mundo Z\u00farich, 4 de marzo 2026 (ANDINA).- La FIFA present\u00f3 el p\u00f3ster oficial del Mundial 2026 con motivo de los 100 d\u00edas que restan para el inicio del torneo, un dise\u00f1o tipo &#8216;collage&#8217; con elementos identificativos de los [&hellip;]<\/p>\n","protected":false},"author":1,"featured_media":147145,"comment_status":"closed","ping_status":"closed","sticky":false,"template":"","format":"standard","meta":{"rop_custom_images_group":[],"rop_custom_messages_group":[],"rop_publish_now":"initial","rop_publish_now_accounts":[],"rop_publish_now_history":[],"rop_publish_now_status":"pending","footnotes":""},"categories":[8],"tags":[268,8508],"class_list":["post-147144","post","type-post","status-publish","format-standard","has-post-thumbnail","hentry","category-disciplinas-deportivas","tag-fifa","tag-mundial-de-futbol-2026"],"_links":{"self":[{"href":"https:\/\/elinformanteperu.com\/index.php\/wp-json\/wp\/v2\/posts\/147144","targetHints":{"allow":["GET"]}}],"collection":[{"href":"https:\/\/elinformanteperu.com\/index.php\/wp-json\/wp\/v2\/posts"}],"about":[{"href":"https:\/\/elinformanteperu.com\/index.php\/wp-json\/wp\/v2\/types\/post"}],"author":[{"embeddable":true,"href":"https:\/\/elinformanteperu.com\/index.php\/wp-json\/wp\/v2\/users\/1"}],"replies":[{"embeddable":true,"href":"https:\/\/elinformanteperu.com\/index.php\/wp-json\/wp\/v2\/comments?post=147144"}],"version-history":[{"count":1,"href":"https:\/\/elinformanteperu.com\/index.php\/wp-json\/wp\/v2\/posts\/147144\/revisions"}],"predecessor-version":[{"id":147147,"href":"https:\/\/elinformanteperu.com\/index.php\/wp-json\/wp\/v2\/posts\/147144\/revisions\/147147"}],"wp:featuredmedia":[{"embeddable":true,"href":"https:\/\/elinformanteperu.com\/index.php\/wp-json\/wp\/v2\/media\/147145"}],"wp:attachment":[{"href":"https:\/\/elinformanteperu.com\/index.php\/wp-json\/wp\/v2\/media?parent=147144"}],"wp:term":[{"taxonomy":"category","embeddable":true,"href":"https:\/\/elinformanteperu.com\/index.php\/wp-json\/wp\/v2\/categories?post=147144"},{"taxonomy":"post_tag","embeddable":true,"href":"https:\/\/elinformanteperu.com\/index.php\/wp-json\/wp\/v2\/tags?post=147144"}],"curies":[{"name":"wp","href":"https:\/\/api.w.org\/{rel}","templated":true}]}}