{"id":147141,"date":"2026-03-05T01:34:05","date_gmt":"2026-03-05T06:34:05","guid":{"rendered":"https:\/\/elinformanteperu.com\/?p=147141"},"modified":"2026-03-05T01:34:05","modified_gmt":"2026-03-05T06:34:05","slug":"adrian-villar-pj-le-impone-9-meses-de-prision-preventiva-por-muerte-de-lizeth-marzano","status":"publish","type":"post","link":"https:\/\/elinformanteperu.com\/index.php\/2026\/03\/05\/adrian-villar-pj-le-impone-9-meses-de-prision-preventiva-por-muerte-de-lizeth-marzano\/","title":{"rendered":"Adri\u00e1n Villar: PJ le impone 9 meses de prisi\u00f3n preventiva por muerte de Lizeth Marzano"},"content":{"rendered":"<p><span style=\"color: #000000;\"><strong>Lima, 4 de marzo 2026 (ANDINA).-<\/strong> El Poder Judicial orden\u00f3 nueve meses de prisi\u00f3n preventiva para Adri\u00e1n Villar Chirinos, de 21 a\u00f1os, investigado por atropellar a la deportista Lizeth Marzano, caus\u00e1ndole un severo traumatismo enc\u00e9falo craneano que produjo la muerte minutos despu\u00e9s y por el que se le acusa de homicidio culposo.<\/span><\/p>\n<p><span style=\"color: #000000;\">La medida fue impuesta por el juez Adolfo Farf\u00e1n Calder\u00f3n del 33\u00ba Juzgado de Investigaci\u00f3n Preparatoria de la Corte Superior de Justicia de Lima, quien sustent\u00f3 su decisi\u00f3n en la falta de arraigo domiciliario y laboral del joven.<\/span><\/p>\n<p><span style=\"color: #000000;\">Asimismo, destac\u00f3 el intento de obstaculizaci\u00f3n a la justicia por parte de la familia de Adri\u00e1n Villar tras conocer que este hab\u00eda atropellado a Lizeth Marzano.<\/span><\/p>\n<p><span style=\"color: #000000;\">El Ministerio P\u00fablico hab\u00eda solicitado nueve meses de prisi\u00f3n preventiva para Villar, al considerar que existen graves y fundados elementos de convicci\u00f3n en su contra y peligro de fuga.<\/span><\/p>\n<p><a href=\"https:\/\/elinformanteperu.com\/wp-content\/uploads\/2026\/03\/adrian-villar1.webp\"><img fetchpriority=\"high\" decoding=\"async\" class=\"size-large wp-image-147063 aligncenter\" src=\"https:\/\/elinformanteperu.com\/wp-content\/uploads\/2026\/03\/adrian-villar1-1024x683.webp\" alt=\"\" width=\"615\" height=\"410\" srcset=\"https:\/\/elinformanteperu.com\/wp-content\/uploads\/2026\/03\/adrian-villar1-1024x683.webp 1024w, https:\/\/elinformanteperu.com\/wp-content\/uploads\/2026\/03\/adrian-villar1-300x200.webp 300w, https:\/\/elinformanteperu.com\/wp-content\/uploads\/2026\/03\/adrian-villar1-768x512.webp 768w, https:\/\/elinformanteperu.com\/wp-content\/uploads\/2026\/03\/adrian-villar1-1536x1024.webp 1536w, https:\/\/elinformanteperu.com\/wp-content\/uploads\/2026\/03\/adrian-villar1.webp 1800w\" sizes=\"(max-width: 615px) 100vw, 615px\" \/><\/a><span style=\"color: #000000;\">La Primera Fiscal\u00eda Penal Corporativa de San Isidro-Lince (Cuarto Despacho) consigui\u00f3 que se imponga esta medida por delitos de homicidio culposo, omisi\u00f3n de socorro y fuga del lugar de accidente de tr\u00e1nsito en agravio de la deportista Lizeth Marzano.<\/span><\/p>\n<p><span style=\"color: #000000;\">Seg\u00fan la tesis fiscal expuesta el \u00faltimo domingo, por el fiscal Henry Santiago Zavaleta Polo, Villar Chirinos no solo atropell\u00f3 a la joven deportista, sino que se dio a la fuga sin prestarle auxilio, cruz\u00f3 sem\u00e1foros en rojo y habr\u00eda coordinado acciones con personas de su entorno para eludir la acci\u00f3n de la justicia.<\/span><\/p>\n<p><span style=\"color: #000000;\">Entre los elementos presentados figuran registros de c\u00e1maras de seguridad que captan el atropello y la huida, actas de inspecci\u00f3n policial, el levantamiento del cad\u00e1ver y el certificado de necropsia que establece como causa de muerte un traumatismo craneoencef\u00e1lico.<\/span><\/p>\n<p><span style=\"color: #000000;\">Asimismo, el fiscal ha se\u00f1alado que el investigado carecer\u00eda de arraigo laboral y domiciliario s\u00f3lido, lo que, a criterio de la Fiscal\u00eda, incrementa el riesgo de evasi\u00f3n.<\/span><\/p>\n<p><span style=\"color: #000000;\">En un video difundido en las redes sociales de su madre, Marcela Chirinos, Adri\u00e1n Villar reconoci\u00f3 su participaci\u00f3n en los hechos y asegur\u00f3 que colabor\u00f3 con las autoridades para el esclarecimiento del accidente \u00abdentro de lo que fui capaz\u00bb.<\/span><\/p>\n<p><span style=\"color: #000000;\">\u201cSoy totalmente consciente de la gravedad de lo que hice. Es por eso que, desde el primer momento, dentro de lo que fui capaz, colabor\u00e9 con las autoridades y eso seguir\u00e1 siendo as\u00ed hasta el final de este proceso\u201d, dijo.<\/span><\/p>\n<p><span style=\"color: #000000;\">Al referirse al fallecimiento de Lizeth Marzano, pidi\u00f3 el soporte y apoyo a su familia ante esta irreparable y dolorosa p\u00e9rdida. \u201cLo siento much\u00edsimo\u201d, concluy\u00f3 en el video de 90 segundos de duraci\u00f3n.<\/span><\/p>\n<p><span style=\"color: #000000;\">El accidente ocurri\u00f3 la noche del 17 de febrero en la avenida Camino Real, en San Isidro, cuando Marzano Noguera corr\u00eda por la pista como parte de su entrenamiento. Tras ser embestida, fue trasladada al hospital Casimiro Ulloa, donde se confirm\u00f3 su fallecimiento horas despu\u00e9s.<\/span><\/p>\n<p><span style=\"color: #000000;\">Villar permanece bajo custodia policial en la sede de la Divisi\u00f3n de Investigaci\u00f3n y Prevenci\u00f3n de Accidentes de Tr\u00e1nsito de la Polic\u00eda Nacional, en La Victoria, luego de vencerse el plazo de su detenci\u00f3n preliminar.<\/span><\/p>\n","protected":false},"excerpt":{"rendered":"<p>Lima, 4 de marzo 2026 (ANDINA).- El Poder Judicial orden\u00f3 nueve meses de prisi\u00f3n preventiva para Adri\u00e1n Villar Chirinos, de 21 a\u00f1os, investigado por atropellar a la deportista Lizeth Marzano, caus\u00e1ndole un severo traumatismo enc\u00e9falo craneano que produjo la muerte minutos despu\u00e9s y por el que se le acusa de homicidio culposo. La medida fue [&hellip;]<\/p>\n","protected":false},"author":1,"featured_media":147142,"comment_status":"closed","ping_status":"closed","sticky":false,"template":"","format":"standard","meta":{"rop_custom_images_group":[],"rop_custom_messages_group":[],"rop_publish_now":"initial","rop_publish_now_accounts":[],"rop_publish_now_history":[],"rop_publish_now_status":"pending","footnotes":""},"categories":[10,5745],"tags":[8758,163],"class_list":["post-147141","post","type-post","status-publish","format-standard","has-post-thumbnail","hentry","category-actualidad-municipal","category-lo-ultimo","tag-adrian-villar","tag-poder-judicial"],"_links":{"self":[{"href":"https:\/\/elinformanteperu.com\/index.php\/wp-json\/wp\/v2\/posts\/147141","targetHints":{"allow":["GET"]}}],"collection":[{"href":"https:\/\/elinformanteperu.com\/index.php\/wp-json\/wp\/v2\/posts"}],"about":[{"href":"https:\/\/elinformanteperu.com\/index.php\/wp-json\/wp\/v2\/types\/post"}],"author":[{"embeddable":true,"href":"https:\/\/elinformanteperu.com\/index.php\/wp-json\/wp\/v2\/users\/1"}],"replies":[{"embeddable":true,"href":"https:\/\/elinformanteperu.com\/index.php\/wp-json\/wp\/v2\/comments?post=147141"}],"version-history":[{"count":1,"href":"https:\/\/elinformanteperu.com\/index.php\/wp-json\/wp\/v2\/posts\/147141\/revisions"}],"predecessor-version":[{"id":147143,"href":"https:\/\/elinformanteperu.com\/index.php\/wp-json\/wp\/v2\/posts\/147141\/revisions\/147143"}],"wp:featuredmedia":[{"embeddable":true,"href":"https:\/\/elinformanteperu.com\/index.php\/wp-json\/wp\/v2\/media\/147142"}],"wp:attachment":[{"href":"https:\/\/elinformanteperu.com\/index.php\/wp-json\/wp\/v2\/media?parent=147141"}],"wp:term":[{"taxonomy":"category","embeddable":true,"href":"https:\/\/elinformanteperu.com\/index.php\/wp-json\/wp\/v2\/categories?post=147141"},{"taxonomy":"post_tag","embeddable":true,"href":"https:\/\/elinformanteperu.com\/index.php\/wp-json\/wp\/v2\/tags?post=147141"}],"curies":[{"name":"wp","href":"https:\/\/api.w.org\/{rel}","templated":true}]}}