{"id":147137,"date":"2026-03-05T01:30:47","date_gmt":"2026-03-05T06:30:47","guid":{"rendered":"https:\/\/elinformanteperu.com\/?p=147137"},"modified":"2026-03-05T01:30:47","modified_gmt":"2026-03-05T06:30:47","slug":"es-una-tragedia-para-todos-abogado-de-adrian-villar-tras-anuncio-de-prision-preventiva","status":"publish","type":"post","link":"https:\/\/elinformanteperu.com\/index.php\/2026\/03\/05\/es-una-tragedia-para-todos-abogado-de-adrian-villar-tras-anuncio-de-prision-preventiva\/","title":{"rendered":"\u201cEs una tragedia para todos\u201d: abogado de Adri\u00e1n Villar tras anuncio de prisi\u00f3n preventiva"},"content":{"rendered":"<p><span style=\"color: #000000;\"><strong>Lima, 4 de marzo 2026 (ANDINA).-<\/strong> La defensa de Adri\u00e1n Villar lament\u00f3 la resoluci\u00f3n de prisi\u00f3n preventiva de nueve meses contra su patrocinado por atropellar a la deportista Lizeth Marzano, caus\u00e1ndole un severo traumatismo que le produjo la muerte minutos despu\u00e9s, un caso que calific\u00f3 como \u00abtragedia para todos\u00bb.<\/span><\/p>\n<p><span style=\"color: #000000;\">\u201cLa familia est\u00e1 afectada. Esto es una tragedia para todos, para todos\u201d, manifest\u00f3 C\u00e9sar P\u00e9rez Escobar a la Agencia Andina, a su salida de la Divisi\u00f3n de Prevenci\u00f3n e Investigaci\u00f3n de Accidentes de Tr\u00e1nsito (Divpiat) de la Polic\u00eda Nacional, en La Victoria, donde permanecer\u00e1 Adri\u00e1n Villar hasta su traslado a un penal del INPE.<\/span><\/p>\n<p><span style=\"color: #000000;\">Detall\u00f3 que todos est\u00e1n muy afectados con la decisi\u00f3n del Poder Judicial de imponerle nueve meses de prisi\u00f3n preventiva.<\/span><\/p>\n<p><a href=\"https:\/\/elinformanteperu.com\/wp-content\/uploads\/2026\/03\/adrian-villar-padres.webp\"><img fetchpriority=\"high\" decoding=\"async\" class=\"size-full wp-image-147139 aligncenter\" src=\"https:\/\/elinformanteperu.com\/wp-content\/uploads\/2026\/03\/adrian-villar-padres.webp\" alt=\"\" width=\"500\" height=\"333\" srcset=\"https:\/\/elinformanteperu.com\/wp-content\/uploads\/2026\/03\/adrian-villar-padres.webp 500w, https:\/\/elinformanteperu.com\/wp-content\/uploads\/2026\/03\/adrian-villar-padres-300x200.webp 300w\" sizes=\"(max-width: 500px) 100vw, 500px\" \/><\/a><span style=\"color: #000000;\">\u201cLa mam\u00e1, el pap\u00e1 y toda la familia est\u00e1 afectada por Adri\u00e1n. Pese a que se les ha se\u00f1al\u00f3 que era un escenario posible, la imposici\u00f3n de la prisi\u00f3n preventiva. Sin embargo, una cosa es la proyecci\u00f3n y otra cosa es ya vivir el momento. Como todo padre se han afectado porque tambi\u00e9n son seres humanos, es una familia\u201d, agreg\u00f3.<\/span><\/p>\n<p><span style=\"color: #000000;\">El Poder Judicial orden\u00f3 esta noche nueve meses de prisi\u00f3n preventiva para Adri\u00e1n Villar Chirinos, de 21 a\u00f1os, investigado por atropellar a la deportista Lizeth Marzano, y a quien se le acusa de homicidio culposo, omisi\u00f3n de socorro y fuga del lugar de accidente de tr\u00e1nsito.<\/span><\/p>\n<p><span style=\"color: #000000;\">La medida fue impuesta por el juez Adolfo Farf\u00e1n Calder\u00f3n del 33\u00ba Juzgado de Investigaci\u00f3n Preparatoria de la Corte Superior de Justicia de Lima, quien sustent\u00f3 su decisi\u00f3n en la falta de arraigo domiciliario y laboral del joven.<\/span><\/p>\n<p><span style=\"color: #000000;\">Asimismo, destac\u00f3 el intento de obstaculizaci\u00f3n a la justicia por parte de la familia de Adri\u00e1n Villar tras conocer que este hab\u00eda atropellado a Lizeth Marzano.<\/span><\/p>\n","protected":false},"excerpt":{"rendered":"<p>Lima, 4 de marzo 2026 (ANDINA).- La defensa de Adri\u00e1n Villar lament\u00f3 la resoluci\u00f3n de prisi\u00f3n preventiva de nueve meses contra su patrocinado por atropellar a la deportista Lizeth Marzano, caus\u00e1ndole un severo traumatismo que le produjo la muerte minutos despu\u00e9s, un caso que calific\u00f3 como \u00abtragedia para todos\u00bb. \u201cLa familia est\u00e1 afectada. Esto es [&hellip;]<\/p>\n","protected":false},"author":1,"featured_media":147138,"comment_status":"closed","ping_status":"closed","sticky":false,"template":"","format":"standard","meta":{"rop_custom_images_group":[],"rop_custom_messages_group":[],"rop_publish_now":"initial","rop_publish_now_accounts":[],"rop_publish_now_history":[],"rop_publish_now_status":"pending","footnotes":""},"categories":[10,5745],"tags":[8758,163],"class_list":["post-147137","post","type-post","status-publish","format-standard","has-post-thumbnail","hentry","category-actualidad-municipal","category-lo-ultimo","tag-adrian-villar","tag-poder-judicial"],"_links":{"self":[{"href":"https:\/\/elinformanteperu.com\/index.php\/wp-json\/wp\/v2\/posts\/147137","targetHints":{"allow":["GET"]}}],"collection":[{"href":"https:\/\/elinformanteperu.com\/index.php\/wp-json\/wp\/v2\/posts"}],"about":[{"href":"https:\/\/elinformanteperu.com\/index.php\/wp-json\/wp\/v2\/types\/post"}],"author":[{"embeddable":true,"href":"https:\/\/elinformanteperu.com\/index.php\/wp-json\/wp\/v2\/users\/1"}],"replies":[{"embeddable":true,"href":"https:\/\/elinformanteperu.com\/index.php\/wp-json\/wp\/v2\/comments?post=147137"}],"version-history":[{"count":1,"href":"https:\/\/elinformanteperu.com\/index.php\/wp-json\/wp\/v2\/posts\/147137\/revisions"}],"predecessor-version":[{"id":147140,"href":"https:\/\/elinformanteperu.com\/index.php\/wp-json\/wp\/v2\/posts\/147137\/revisions\/147140"}],"wp:featuredmedia":[{"embeddable":true,"href":"https:\/\/elinformanteperu.com\/index.php\/wp-json\/wp\/v2\/media\/147138"}],"wp:attachment":[{"href":"https:\/\/elinformanteperu.com\/index.php\/wp-json\/wp\/v2\/media?parent=147137"}],"wp:term":[{"taxonomy":"category","embeddable":true,"href":"https:\/\/elinformanteperu.com\/index.php\/wp-json\/wp\/v2\/categories?post=147137"},{"taxonomy":"post_tag","embeddable":true,"href":"https:\/\/elinformanteperu.com\/index.php\/wp-json\/wp\/v2\/tags?post=147137"}],"curies":[{"name":"wp","href":"https:\/\/api.w.org\/{rel}","templated":true}]}}