{"id":147134,"date":"2026-03-05T01:26:50","date_gmt":"2026-03-05T06:26:50","guid":{"rendered":"https:\/\/elinformanteperu.com\/?p=147134"},"modified":"2026-03-05T01:26:50","modified_gmt":"2026-03-05T06:26:50","slug":"adrian-villar-pasara-la-noche-en-la-direccion-de-investigacion-de-transito-de-la-pnp","status":"publish","type":"post","link":"https:\/\/elinformanteperu.com\/index.php\/2026\/03\/05\/adrian-villar-pasara-la-noche-en-la-direccion-de-investigacion-de-transito-de-la-pnp\/","title":{"rendered":"Adri\u00e1n Villar pasar\u00e1 la noche en la direcci\u00f3n de investigaci\u00f3n de tr\u00e1nsito de la PNP"},"content":{"rendered":"<p><strong><span style=\"color: #000000;\">Hoy se le impuso nueve meses de prisi\u00f3n preventiva<\/span><\/strong><\/p>\n<p><span style=\"color: #000000;\"><strong>Lima, 4 de marzo 2026 (ANDINA).-<\/strong> Adri\u00e1n Villar permanecer\u00e1 esta noche en la Divisi\u00f3n de Prevenci\u00f3n e Investigaci\u00f3n de Accidentes de Tr\u00e1nsito (Divpiat) de la Polic\u00eda Nacional, en La Victoria, tras la resoluci\u00f3n del Poder Judicial de imponerle nueve meses de prisi\u00f3n preventiva por atropellar a la deportista Lizeth Marzano, caus\u00e1ndole un severo traumatismo enc\u00e9falo craneano que produjo la muerte minutos despu\u00e9s.<\/span><\/p>\n<p><span style=\"color: #000000;\">El Poder Judicial orden\u00f3 esta noche nueve meses de prisi\u00f3n preventiva para Adri\u00e1n Villar Chirinos, de 21 a\u00f1os, investigado por atropellar a la deportista Lizeth Marzano, y a quien se le acusa de homicidio culposo, omisi\u00f3n de socorro y fuga del lugar de accidente de tr\u00e1nsito en agravio de la deportista Lizeth Marzano.<\/span><\/p>\n<p><span style=\"color: #000000;\">La medida fue impuesta por el juez Adolfo Farf\u00e1n Calder\u00f3n del 33\u00ba Juzgado de Investigaci\u00f3n Preparatoria de la Corte Superior de Justicia de Lima.<\/span><\/p>\n<p><span style=\"color: #000000;\">\u201cEl juez tiene que enviar los oficios y hacer la coordinaci\u00f3n para su traslado ante la junta (del INPE, que determinar\u00e1 a qu\u00e9 penal ser\u00e1 trasladado). Hoy va a pasar la noche aqu\u00ed. Calculamos que a partir de las 9:30 de ma\u00f1ana se podr\u00eda realizar su traslado (a un penal)\u201d, detall\u00f3 C\u00e9sar P\u00e9rez, abogado de Adri\u00e1n Villar, en entrevista con Agencia Andina.<\/span><\/p>\n<p><span style=\"color: #000000;\">Explic\u00f3 que es el juzgado el que debe hacer coordinaciones con el INPE para ver el traslado de Villar. El joven deber\u00e1 presentarse ante la Junta del INPE, que se ubica en Anc\u00f3n, para determinar a qu\u00e9 penal ser\u00e1 trasladado finalmente.<\/span><\/p>\n<p><strong><span style=\"color: #000000;\">Se present\u00f3 recurso de apelaci\u00f3n<\/span><\/strong><\/p>\n<p><span style=\"color: #000000;\">El letrado inform\u00f3 que al t\u00e9rmino de la lectura de la resoluci\u00f3n del Poder Judicial, la defensa de Adri\u00e1n Villa interpuso un recurso de apelaci\u00f3n a esta medida.<\/span><\/p>\n<p><span style=\"color: #000000;\">\u00abYa se present\u00f3. Lo que tenemos que esperar es que el juez nos notifique, hemos pedido que se nos entregue la resoluci\u00f3n completa. Lo que corresponde ahora es fundamentar el recurso de apelaci\u00f3n, es decir, \u00bfPor qu\u00e9 consideramos que la decisi\u00f3n del juez no es correcta?\u00bb, explic\u00f3.<\/span><\/p>\n","protected":false},"excerpt":{"rendered":"<p>Hoy se le impuso nueve meses de prisi\u00f3n preventiva Lima, 4 de marzo 2026 (ANDINA).- Adri\u00e1n Villar permanecer\u00e1 esta noche en la Divisi\u00f3n de Prevenci\u00f3n e Investigaci\u00f3n de Accidentes de Tr\u00e1nsito (Divpiat) de la Polic\u00eda Nacional, en La Victoria, tras la resoluci\u00f3n del Poder Judicial de imponerle nueve meses de prisi\u00f3n preventiva por atropellar a [&hellip;]<\/p>\n","protected":false},"author":1,"featured_media":147135,"comment_status":"closed","ping_status":"closed","sticky":false,"template":"","format":"standard","meta":{"rop_custom_images_group":[],"rop_custom_messages_group":[],"rop_publish_now":"initial","rop_publish_now_accounts":[],"rop_publish_now_history":[],"rop_publish_now_status":"pending","footnotes":""},"categories":[10],"tags":[8758,163],"class_list":["post-147134","post","type-post","status-publish","format-standard","has-post-thumbnail","hentry","category-actualidad-municipal","tag-adrian-villar","tag-poder-judicial"],"_links":{"self":[{"href":"https:\/\/elinformanteperu.com\/index.php\/wp-json\/wp\/v2\/posts\/147134","targetHints":{"allow":["GET"]}}],"collection":[{"href":"https:\/\/elinformanteperu.com\/index.php\/wp-json\/wp\/v2\/posts"}],"about":[{"href":"https:\/\/elinformanteperu.com\/index.php\/wp-json\/wp\/v2\/types\/post"}],"author":[{"embeddable":true,"href":"https:\/\/elinformanteperu.com\/index.php\/wp-json\/wp\/v2\/users\/1"}],"replies":[{"embeddable":true,"href":"https:\/\/elinformanteperu.com\/index.php\/wp-json\/wp\/v2\/comments?post=147134"}],"version-history":[{"count":1,"href":"https:\/\/elinformanteperu.com\/index.php\/wp-json\/wp\/v2\/posts\/147134\/revisions"}],"predecessor-version":[{"id":147136,"href":"https:\/\/elinformanteperu.com\/index.php\/wp-json\/wp\/v2\/posts\/147134\/revisions\/147136"}],"wp:featuredmedia":[{"embeddable":true,"href":"https:\/\/elinformanteperu.com\/index.php\/wp-json\/wp\/v2\/media\/147135"}],"wp:attachment":[{"href":"https:\/\/elinformanteperu.com\/index.php\/wp-json\/wp\/v2\/media?parent=147134"}],"wp:term":[{"taxonomy":"category","embeddable":true,"href":"https:\/\/elinformanteperu.com\/index.php\/wp-json\/wp\/v2\/categories?post=147134"},{"taxonomy":"post_tag","embeddable":true,"href":"https:\/\/elinformanteperu.com\/index.php\/wp-json\/wp\/v2\/tags?post=147134"}],"curies":[{"name":"wp","href":"https:\/\/api.w.org\/{rel}","templated":true}]}}