{"id":147131,"date":"2026-03-05T01:23:57","date_gmt":"2026-03-05T06:23:57","guid":{"rendered":"https:\/\/elinformanteperu.com\/?p=147131"},"modified":"2026-03-05T01:23:57","modified_gmt":"2026-03-05T06:23:57","slug":"era-lo-que-esperabamos-abogado-de-familia-marzano-tras-prision-preventiva-de-villar","status":"publish","type":"post","link":"https:\/\/elinformanteperu.com\/index.php\/2026\/03\/05\/era-lo-que-esperabamos-abogado-de-familia-marzano-tras-prision-preventiva-de-villar\/","title":{"rendered":"\u201cEra lo que esper\u00e1bamos\u201d: abogado de familia Marzano tras prisi\u00f3n preventiva de Villar"},"content":{"rendered":"<p><span style=\"color: #000000;\"><strong>Lima, 4 de marzo 2026 (ANDINA).-<\/strong> Julio Mendoza, abogado de la familia Marzano, coment\u00f3 sentirse tranquilo con la resoluci\u00f3n impuesta por el Poder Judicial de nueve meses de prisi\u00f3n preventiva contra Adri\u00e1n Villar, quien atropell\u00f3 a Lizeth Marzano, caus\u00e1ndole un severo traumatismo enc\u00e9falo craneano que produjo la muerte minutos despu\u00e9s.<\/span><\/p>\n<p><span style=\"color: #000000;\">\u201cEstamos tranquilos con esta resoluci\u00f3n. Era lo que esper\u00e1bamos. Creemos que, como ha dicho el juez, esto caus\u00f3 una expectativa en la sociedad y no se pueden permitir situaciones como esta en el futuro. Esto no es una sentencia, ojo. Todav\u00eda hay que estar pendientes de lo que viene adelante\u201d, detall\u00f3.<\/span><\/p>\n<p><span style=\"color: #000000;\">Indic\u00f3 que la resoluci\u00f3n se va a ejecutar, es decir, se va a cumplir de manera inmediata.<\/span><\/p>\n<p><span style=\"color: #000000;\">\u201cCreemos que la resoluci\u00f3n est\u00e1 muy bien motivada y fundamentada, pero requiere del trabajo de la fiscal\u00eda juntamente con nosotros, la parte agraviada, de hacerle este seguimiento pendiente al caso. Ojo que todav\u00eda falta el tema principal que es la sentencia\u201d, coment\u00f3 en entrevista con Magaly Medina.<\/span><\/p>\n<p><span style=\"color: #000000;\">Agreg\u00f3 que la defensa de la familia Marzano proponemos que todav\u00eda el tipo penal sea cambiado.<\/span><\/p>\n<p><span style=\"color: #000000;\">\u201cPorque ac\u00e1 en lo que el juez ha indicado es que existir\u00eda s\u00ed un homicidio culposo con dos agravantes. Nosotros lo que proponemos es que se cambia homicidio simple a t\u00edtulo de dolo eventual\u201d.<\/span><\/p>\n<p><strong><span style=\"color: #000000;\">Nueve meses de prisi\u00f3n preventiva<\/span><\/strong><\/p>\n<p><span style=\"color: #000000;\">El Poder Judicial orden\u00f3 esta noche nueve meses de prisi\u00f3n preventiva para Adri\u00e1n Villar Chirinos, de 21 a\u00f1os, investigado por atropellar a la deportista Lizeth Marzano, y a quien se le acusa de homicidio culposo. La medida fue impuesta por el juez Adolfo Farf\u00e1n Calder\u00f3n del 33\u00ba Juzgado de Investigaci\u00f3n Preparatoria de la Corte Superior de Justicia de Lima.<\/span><\/p>\n<p><span style=\"color: #000000;\">La Primera Fiscal\u00eda Penal Corporativa de San Isidro-Lince (Cuarto Despacho) consigui\u00f3 que se imponga esta medida por delitos de homicidio culposo, omisi\u00f3n de socorro y fuga del lugar de accidente de tr\u00e1nsito en agravio de la deportista Lizeth Marzano.<\/span><\/p>\n","protected":false},"excerpt":{"rendered":"<p>Lima, 4 de marzo 2026 (ANDINA).- Julio Mendoza, abogado de la familia Marzano, coment\u00f3 sentirse tranquilo con la resoluci\u00f3n impuesta por el Poder Judicial de nueve meses de prisi\u00f3n preventiva contra Adri\u00e1n Villar, quien atropell\u00f3 a Lizeth Marzano, caus\u00e1ndole un severo traumatismo enc\u00e9falo craneano que produjo la muerte minutos despu\u00e9s. \u201cEstamos tranquilos con esta resoluci\u00f3n. [&hellip;]<\/p>\n","protected":false},"author":1,"featured_media":147132,"comment_status":"closed","ping_status":"closed","sticky":false,"template":"","format":"standard","meta":{"rop_custom_images_group":[],"rop_custom_messages_group":[],"rop_publish_now":"initial","rop_publish_now_accounts":[],"rop_publish_now_history":[],"rop_publish_now_status":"pending","footnotes":""},"categories":[10],"tags":[],"class_list":["post-147131","post","type-post","status-publish","format-standard","has-post-thumbnail","hentry","category-actualidad-municipal"],"_links":{"self":[{"href":"https:\/\/elinformanteperu.com\/index.php\/wp-json\/wp\/v2\/posts\/147131","targetHints":{"allow":["GET"]}}],"collection":[{"href":"https:\/\/elinformanteperu.com\/index.php\/wp-json\/wp\/v2\/posts"}],"about":[{"href":"https:\/\/elinformanteperu.com\/index.php\/wp-json\/wp\/v2\/types\/post"}],"author":[{"embeddable":true,"href":"https:\/\/elinformanteperu.com\/index.php\/wp-json\/wp\/v2\/users\/1"}],"replies":[{"embeddable":true,"href":"https:\/\/elinformanteperu.com\/index.php\/wp-json\/wp\/v2\/comments?post=147131"}],"version-history":[{"count":1,"href":"https:\/\/elinformanteperu.com\/index.php\/wp-json\/wp\/v2\/posts\/147131\/revisions"}],"predecessor-version":[{"id":147133,"href":"https:\/\/elinformanteperu.com\/index.php\/wp-json\/wp\/v2\/posts\/147131\/revisions\/147133"}],"wp:featuredmedia":[{"embeddable":true,"href":"https:\/\/elinformanteperu.com\/index.php\/wp-json\/wp\/v2\/media\/147132"}],"wp:attachment":[{"href":"https:\/\/elinformanteperu.com\/index.php\/wp-json\/wp\/v2\/media?parent=147131"}],"wp:term":[{"taxonomy":"category","embeddable":true,"href":"https:\/\/elinformanteperu.com\/index.php\/wp-json\/wp\/v2\/categories?post=147131"},{"taxonomy":"post_tag","embeddable":true,"href":"https:\/\/elinformanteperu.com\/index.php\/wp-json\/wp\/v2\/tags?post=147131"}],"curies":[{"name":"wp","href":"https:\/\/api.w.org\/{rel}","templated":true}]}}