{"id":147128,"date":"2026-03-05T01:21:30","date_gmt":"2026-03-05T06:21:30","guid":{"rendered":"https:\/\/elinformanteperu.com\/?p=147128"},"modified":"2026-03-05T01:21:30","modified_gmt":"2026-03-05T06:21:30","slug":"calidda-pide-a-sus-clientes-residenciales-y-comerciales-uso-responsable-de-gas-natural","status":"publish","type":"post","link":"https:\/\/elinformanteperu.com\/index.php\/2026\/03\/05\/calidda-pide-a-sus-clientes-residenciales-y-comerciales-uso-responsable-de-gas-natural\/","title":{"rendered":"C\u00e1lidda pide a sus clientes residenciales y comerciales \u201cuso responsable\u201d de gas natural"},"content":{"rendered":"<p><strong><span style=\"color: #000000;\">Ante la emergencia y las restricciones en el transporte de este combustible por deflagraci\u00f3n en Megantoni<\/span><\/strong><\/p>\n<p><span style=\"color: #000000;\"><strong>Lima, 4 de marzo 2026 (ANDINA).-<\/strong> La empresa C\u00e1lidda, encargada de la distribuci\u00f3n de gas natural en Lima y Callao, pidi\u00f3 la colaboraci\u00f3n de sus clientes residenciales y comerciales y los llam\u00f3 a hacer un uso responsable y moderado de este combustible, en tanto duren las restricciones en el abastecimiento por una emergencia en Camisea.<\/span><\/p>\n<p><span style=\"color: #000000;\">La empresa emiti\u00f3 este lunes un comunicado, tras las restricciones reportadas en el transporte del gas natural desde Camisea, debido a una emergencia por deflagraci\u00f3n en la estaci\u00f3n de v\u00e1lvulas ubicada en el kil\u00f3metro KP 43, en el distrito de Megantoni (Cusco).<\/span><\/p>\n<p><span style=\"color: #000000;\">El 1 de marzo, Transportadora de Gas del Per\u00fa (TGP), \u201cconcesionaria de los sistemas de transporte de gas natural y de l\u00edquidos de gas natural, inform\u00f3 sobre una emergencia en sus instalaciones, lo que restringe el abastecimiento de Gas Natural para los usuarios del servicio\u201d, detalla el comunicado.<\/span><\/p>\n<p><span style=\"color: #000000;\">\u201cEn atenci\u00f3n a esta situaci\u00f3n, y conforme a lo dispuesto en el Decreto Supremo N\u00b0 017-2018-EM, el Ministerio de Energ\u00eda y Minas ha declarado el Estado de Emergencia mediante la Resoluci\u00f3n Viceministerial N\u00b0 004-2026-MINEM\/VMH, con la finalidad de permitir que TGP ejecute, con la mayor celeridad, los trabajos t\u00e9cnicos necesarios para la pronta superaci\u00f3n de la contingencia que restringe la entrega de gas natural a los concesionarios de distribuci\u00f3n\u201d, contin\u00faa el comunicado.<\/span><\/p>\n<p><strong><span style=\"color: #000000;\">Mecanismo de racionamiento<\/span><\/strong><\/p>\n<p><span style=\"color: #000000;\">\u201cAsimismo, de acuerdo con la Resoluci\u00f3n Directoral N\u00b0 020-2026-MINEM\/DGH, se ha establecido un mecanismo de racionamiento para el despacho de gas natural, priorizando solo el suministro a los consumidores residenciales y comerciales, as\u00ed como el transporte p\u00fablico masivo de pasajeros cuyo \u00fanico combustible de uso es el GNV (no est\u00e1n incluidos en esta priorizaci\u00f3n los veh\u00edculos de carga, veh\u00edculos livianos como taxis, coaster, mototaxis, entre otros)\u201d.<\/span><\/p>\n<p><span style=\"color: #000000;\">Si bien la causa de la interrupci\u00f3n no est\u00e1 atribuida a la operaci\u00f3n de C\u00e1lidda, \u201cestamos trabajando de manera ininterrumpida y en estrecha coordinaci\u00f3n con TGP y con las autoridades competentes para mitigar el impacto de esta situaci\u00f3n\u201d, afirma la empresa.<\/span><\/p>\n<p><strong><span style=\"color: #000000;\">Uso responsable y moderado<\/span><\/strong><\/p>\n<p><span style=\"color: #000000;\">\u201cTeniendo en cuenta lo ocurrido, resulta fundamental contar con la colaboraci\u00f3n de nuestros clientes residenciales y comerciales, promoviendo un uso responsable y moderado del gas natural y procurando mantener sus consumos dentro de los niveles habituales, a fin de contribuir a la estabilidad del sistema de distribuci\u00f3n de gas natural mientras TGP culmina los trabajos correspondientes\u201d.<\/span><\/p>\n<p><span style=\"color: #000000;\">En cuanto a los grandes clientes \u2013estaciones GNV, consumidores industriales (regulados e independientes) y empresas generadoras\u2013 \u201cse vienen realizando coordinaciones y comunicaciones directas para la gesti\u00f3n correspondiente, priorizando en todo momento la seguridad del sistema y la continuidad del suministro esencial\u201d, a\u00f1ade C\u00e1lidda.<\/span><\/p>\n<p><span style=\"color: #000000;\">\u201cLamentamos esta situaci\u00f3n y agradecemos la comprensi\u00f3n y colaboraci\u00f3n de nuestros clientes, reiterando nuestro compromiso con la seguridad y la transparencia en la prestaci\u00f3n de nuestro servicio\u201d.<\/span><\/p>\n","protected":false},"excerpt":{"rendered":"<p>Ante la emergencia y las restricciones en el transporte de este combustible por deflagraci\u00f3n en Megantoni Lima, 4 de marzo 2026 (ANDINA).- La empresa C\u00e1lidda, encargada de la distribuci\u00f3n de gas natural en Lima y Callao, pidi\u00f3 la colaboraci\u00f3n de sus clientes residenciales y comerciales y los llam\u00f3 a hacer un uso responsable y moderado [&hellip;]<\/p>\n","protected":false},"author":1,"featured_media":147129,"comment_status":"closed","ping_status":"closed","sticky":false,"template":"","format":"standard","meta":{"rop_custom_images_group":[],"rop_custom_messages_group":[],"rop_publish_now":"initial","rop_publish_now_accounts":[],"rop_publish_now_history":[],"rop_publish_now_status":"pending","footnotes":""},"categories":[10],"tags":[8765,1226,8764,2775],"class_list":["post-147128","post","type-post","status-publish","format-standard","has-post-thumbnail","hentry","category-actualidad-municipal","tag-calidda","tag-cusco","tag-megantoni","tag-tgp"],"_links":{"self":[{"href":"https:\/\/elinformanteperu.com\/index.php\/wp-json\/wp\/v2\/posts\/147128","targetHints":{"allow":["GET"]}}],"collection":[{"href":"https:\/\/elinformanteperu.com\/index.php\/wp-json\/wp\/v2\/posts"}],"about":[{"href":"https:\/\/elinformanteperu.com\/index.php\/wp-json\/wp\/v2\/types\/post"}],"author":[{"embeddable":true,"href":"https:\/\/elinformanteperu.com\/index.php\/wp-json\/wp\/v2\/users\/1"}],"replies":[{"embeddable":true,"href":"https:\/\/elinformanteperu.com\/index.php\/wp-json\/wp\/v2\/comments?post=147128"}],"version-history":[{"count":1,"href":"https:\/\/elinformanteperu.com\/index.php\/wp-json\/wp\/v2\/posts\/147128\/revisions"}],"predecessor-version":[{"id":147130,"href":"https:\/\/elinformanteperu.com\/index.php\/wp-json\/wp\/v2\/posts\/147128\/revisions\/147130"}],"wp:featuredmedia":[{"embeddable":true,"href":"https:\/\/elinformanteperu.com\/index.php\/wp-json\/wp\/v2\/media\/147129"}],"wp:attachment":[{"href":"https:\/\/elinformanteperu.com\/index.php\/wp-json\/wp\/v2\/media?parent=147128"}],"wp:term":[{"taxonomy":"category","embeddable":true,"href":"https:\/\/elinformanteperu.com\/index.php\/wp-json\/wp\/v2\/categories?post=147128"},{"taxonomy":"post_tag","embeddable":true,"href":"https:\/\/elinformanteperu.com\/index.php\/wp-json\/wp\/v2\/tags?post=147128"}],"curies":[{"name":"wp","href":"https:\/\/api.w.org\/{rel}","templated":true}]}}