{"id":147119,"date":"2026-03-05T00:23:53","date_gmt":"2026-03-05T05:23:53","guid":{"rendered":"https:\/\/elinformanteperu.com\/?p=147119"},"modified":"2026-03-05T00:23:53","modified_gmt":"2026-03-05T05:23:53","slug":"tc-ordena-a-municipalidad-de-surco-facilitar-la-continuidad-de-la-asociacion-cultural-del-caballo-peruano-de-paso","status":"publish","type":"post","link":"https:\/\/elinformanteperu.com\/index.php\/2026\/03\/05\/tc-ordena-a-municipalidad-de-surco-facilitar-la-continuidad-de-la-asociacion-cultural-del-caballo-peruano-de-paso\/","title":{"rendered":"TC ordena a Municipalidad de Surco facilitar la continuidad de la Asociaci\u00f3n Cultural del Caballo Peruano de Paso"},"content":{"rendered":"<p><span style=\"color: #000000;\"><strong>Lima, 4 de marzo 2026 (El Informante Per\u00fa).-<\/strong> A fin de facilitar la continuidad de la Asociaci\u00f3n Cultural del Caballo Peruano de Paso, promotora de la crianza de los caballos peruanos de paso, la Sala Segunda del Tribunal Constitucional (TC) anul\u00f3 la clausura y las papeletas de infracci\u00f3n que la Municipalidad Distrital de Santiago de Surco aplic\u00f3 en el a\u00f1o 2023.<\/span><\/p>\n<p><span style=\"color: #000000;\">Conforme a la sentencia, reca\u00edda en el expediente N.\u00b0 00841-2024-PA\/TC, el TC anul\u00f3 la clausura del local de la asociaci\u00f3n, en el jir\u00f3n Belisario Su\u00e1rez 198, manzana 2631, lote 51, y declar\u00f3 fundada la demanda de amparo al no hab\u00e9rsele permitido contradecir las denuncias de la municipalidad y porque la falta de ingresos puede conllevar la desatenci\u00f3n de los caballos de paso peruano, cuya alimentaci\u00f3n y cuidados son cubiertos con las actividades econ\u00f3micas de la asociaci\u00f3n.<\/span><\/p>\n<p><span style=\"color: #000000;\">Sobre el leg\u00edtimo inter\u00e9s vecinal de que los espect\u00e1culos que se realizan en las instalaciones de la asociaci\u00f3n no perturben la tranquilidad del vecindario, y que es el motivo por el que la municipalidad clausur\u00f3 el local de la asociaci\u00f3n, el TC indica que esa acci\u00f3n debe ponderar la necesidad de garantizar el mantenimiento de esos caballos.<\/span><\/p>\n<p><span style=\"color: #000000;\">Detalla que el caballo peruano de paso es una raza de equino propia de nuestro pa\u00eds \u2014cuya principal caracter\u00edstica es la ambladura, que es un paso llano a cuatro tiempos\u2014 y que, adem\u00e1s, forma parte del Patrimonio Cultural de la Naci\u00f3n, por lo que, atendiendo a su innegable contribuci\u00f3n a la identidad nacional, sus criadores y chalanes merecen un tratamiento preferente por parte de la municipalidad demandada, en tanto forma parte del aparato estatal.<\/span><\/p>\n<p><span style=\"color: #000000;\">Asimismo, concluye que el actuar de la municipalidad resulta inconstitucional, en tanto se ha basado en un enfoque abiertamente desleal a una pol\u00edtica de Estado fijada por el Gobierno Nacional: la preservaci\u00f3n del caballo de paso peruano.<\/span><\/p>\n<p><span style=\"color: #000000;\">Agrega que eso no significa que la asociaci\u00f3n pueda actuar al margen de lo previsto imperativamente en el ordenamiento jur\u00eddico, pues tambi\u00e9n tiene el deber de respetar la tranquilidad de los vecinos. Por ello, la municipalidad puede imponer nuevas sanciones y medidas correctivas, pero siempre que se afecte, en la menor medida de lo posible, la referida pol\u00edtica de Estado.<\/span><\/p>\n<p><span style=\"color: #000000;\">La Sala Segunda del TC est\u00e1 integrada por los magistrados Helder Dom\u00ednguez Haro (presidente), as\u00ed como Gustavo Guti\u00e9rrez Ticse y C\u00e9sar Ochoa Cardich.<\/span><\/p>\n<p><span style=\"color: #000000;\"><strong>Nota:<\/strong> <a href=\"https:\/\/www.tc.gob.pe\/jurisprudencia\/2026\/00841-2024-AA.pdf\"><strong>Enlace a la sentencia<\/strong><\/a>.<\/span><\/p>\n","protected":false},"excerpt":{"rendered":"<p>Lima, 4 de marzo 2026 (El Informante Per\u00fa).- A fin de facilitar la continuidad de la Asociaci\u00f3n Cultural del Caballo Peruano de Paso, promotora de la crianza de los caballos peruanos de paso, la Sala Segunda del Tribunal Constitucional (TC) anul\u00f3 la clausura y las papeletas de infracci\u00f3n que la Municipalidad Distrital de Santiago de [&hellip;]<\/p>\n","protected":false},"author":1,"featured_media":147120,"comment_status":"closed","ping_status":"closed","sticky":false,"template":"","format":"standard","meta":{"rop_custom_images_group":[],"rop_custom_messages_group":[],"rop_publish_now":"initial","rop_publish_now_accounts":[],"rop_publish_now_history":[],"rop_publish_now_status":"pending","footnotes":""},"categories":[10],"tags":[8069,1402,1401],"class_list":["post-147119","post","type-post","status-publish","format-standard","has-post-thumbnail","hentry","category-actualidad-municipal","tag-municipalidad-de-surco","tag-tc","tag-tribunal-constitucional"],"_links":{"self":[{"href":"https:\/\/elinformanteperu.com\/index.php\/wp-json\/wp\/v2\/posts\/147119","targetHints":{"allow":["GET"]}}],"collection":[{"href":"https:\/\/elinformanteperu.com\/index.php\/wp-json\/wp\/v2\/posts"}],"about":[{"href":"https:\/\/elinformanteperu.com\/index.php\/wp-json\/wp\/v2\/types\/post"}],"author":[{"embeddable":true,"href":"https:\/\/elinformanteperu.com\/index.php\/wp-json\/wp\/v2\/users\/1"}],"replies":[{"embeddable":true,"href":"https:\/\/elinformanteperu.com\/index.php\/wp-json\/wp\/v2\/comments?post=147119"}],"version-history":[{"count":1,"href":"https:\/\/elinformanteperu.com\/index.php\/wp-json\/wp\/v2\/posts\/147119\/revisions"}],"predecessor-version":[{"id":147121,"href":"https:\/\/elinformanteperu.com\/index.php\/wp-json\/wp\/v2\/posts\/147119\/revisions\/147121"}],"wp:featuredmedia":[{"embeddable":true,"href":"https:\/\/elinformanteperu.com\/index.php\/wp-json\/wp\/v2\/media\/147120"}],"wp:attachment":[{"href":"https:\/\/elinformanteperu.com\/index.php\/wp-json\/wp\/v2\/media?parent=147119"}],"wp:term":[{"taxonomy":"category","embeddable":true,"href":"https:\/\/elinformanteperu.com\/index.php\/wp-json\/wp\/v2\/categories?post=147119"},{"taxonomy":"post_tag","embeddable":true,"href":"https:\/\/elinformanteperu.com\/index.php\/wp-json\/wp\/v2\/tags?post=147119"}],"curies":[{"name":"wp","href":"https:\/\/api.w.org\/{rel}","templated":true}]}}