{"id":147114,"date":"2026-03-05T00:17:34","date_gmt":"2026-03-05T05:17:34","guid":{"rendered":"https:\/\/elinformanteperu.com\/?p=147114"},"modified":"2026-03-05T00:17:34","modified_gmt":"2026-03-05T05:17:34","slug":"mujeres-victimas-de-violencia-muestran-menor-intencion-de-ser-madres","status":"publish","type":"post","link":"https:\/\/elinformanteperu.com\/index.php\/2026\/03\/05\/mujeres-victimas-de-violencia-muestran-menor-intencion-de-ser-madres\/","title":{"rendered":"Mujeres v\u00edctimas de violencia muestran menor intenci\u00f3n de ser madres"},"content":{"rendered":"<p><strong><span style=\"color: #000000;\">Un estudio revel\u00f3 que una de cada dos peruanas ha sufrido violencia de pareja, situaci\u00f3n asociada con un mayor n\u00famero de embarazos no deseados.<\/span><\/strong><\/p>\n<p><span style=\"color: #000000;\"><strong>Lima, 4 de marzo 2026 (El Informante Per\u00fa).-<\/strong> A pocos d\u00edas de conmemorarse el D\u00eda Internacional de la Mujer (8 de marzo), un estudio revela que la violencia de pareja sigue impactando en la vida y las decisiones reproductivas de las peruanas. La investigaci\u00f3n muestra que una de cada dos mujeres que ha sufrido violencia por parte de su pareja no desea un embarazo.<\/span><\/p>\n<p><span style=\"color: #000000;\">La investigaci\u00f3n peruana advierte que la violencia de pareja influye de forma directa en las decisiones reproductivas y sociales de las mujeres.<\/span><\/p>\n<p><span style=\"color: #000000;\">El estudio, basado en datos de 8466 mujeres en edad f\u00e9rtil, revela que quienes han sufrido agresiones tienen mayor probabilidad de no desear un embarazo. Adem\u00e1s, esta experiencia se asocia con una mayor prevalencia de gestaciones no planificadas.<\/span><\/p>\n<p><span style=\"color: #000000;\">Los resultados muestran que el 22,2 % de las participantes declar\u00f3 violencia f\u00edsica; el 45,8 %, violencia psicol\u00f3gica; y el 4,3 %, violencia sexual. La investigaci\u00f3n utiliz\u00f3 informaci\u00f3n secundaria de la Encuesta Demogr\u00e1fica y de Salud Familiar (ENDES) 2020 y se centr\u00f3 en mujeres de 15 a 49 a\u00f1os que hab\u00edan tenido al menos un embarazo en los cinco a\u00f1os previos.<\/span><\/p>\n<p><span style=\"color: #000000;\">A nivel mundial, se estima que el 27 % de las mujeres de ese rango de edad ha sufrido violencia f\u00edsica o sexual por parte de su pareja. M\u00e1s all\u00e1 del da\u00f1o inmediato, este fen\u00f3meno puede afectar el control sobre la fertilidad y aumentar el riesgo de embarazos no planificados.<\/span><\/p>\n<p><a href=\"https:\/\/elinformanteperu.com\/wp-content\/uploads\/2026\/03\/mujeres-victima-violencia1.jpg\"><img fetchpriority=\"high\" decoding=\"async\" class=\" wp-image-147116 aligncenter\" src=\"https:\/\/elinformanteperu.com\/wp-content\/uploads\/2026\/03\/mujeres-victima-violencia1.jpg\" alt=\"\" width=\"790\" height=\"522\" srcset=\"https:\/\/elinformanteperu.com\/wp-content\/uploads\/2026\/03\/mujeres-victima-violencia1.jpg 1019w, https:\/\/elinformanteperu.com\/wp-content\/uploads\/2026\/03\/mujeres-victima-violencia1-300x198.jpg 300w, https:\/\/elinformanteperu.com\/wp-content\/uploads\/2026\/03\/mujeres-victima-violencia1-768x507.jpg 768w\" sizes=\"(max-width: 790px) 100vw, 790px\" \/><\/a><span style=\"color: #000000;\">En Per\u00fa, el 52,4 % de las encuestadas calific\u00f3 su embarazo como no planeado. La proporci\u00f3n fue mayor entre j\u00f3venes de 15 a 25 a\u00f1os, mujeres sin pareja actual, con menor nivel educativo, residentes en zonas rurales, pertenecientes a los quintiles m\u00e1s pobres y mujeres quechuahablantes.<\/span><\/p>\n<p><span style=\"color: #000000;\">El an\u00e1lisis tambi\u00e9n identific\u00f3 que las mujeres del \u00e1mbito rural muestran menor intenci\u00f3n de embarazarse que las urbanas, un resultado que podr\u00eda vincularse con el impacto de pol\u00edticas p\u00fablicas de g\u00e9nero implementadas en los \u00faltimos a\u00f1os.<\/span><\/p>\n<p><span style=\"color: #000000;\">Patrones similares se han observado en Etiop\u00eda, Bangladesh, Brasil, Jap\u00f3n, Namibia, Samoa, Serbia y Montenegro, donde la violencia de pareja se relaciona con un mayor n\u00famero de embarazos no deseados. Estudios previos indican que, ante estas situaciones, algunas mujeres recurren a anticonceptivos sin conocimiento de la pareja, m\u00e9todos de emergencia o al aborto. En Per\u00fa, sin embargo, esta pr\u00e1ctica solo es legal por razones terap\u00e9uticas, lo que condiciona las decisiones reproductivas frente a otros contextos.<\/span><\/p>\n<p><span style=\"color: #000000;\">Ante este escenario, los investigadores recomiendan fortalecer los programas de prevenci\u00f3n, la educaci\u00f3n sexual integral y los servicios de planificaci\u00f3n familiar. Tambi\u00e9n subrayan la necesidad de priorizar iniciativas de apoyo local y de crear entornos que fomenten la pertenencia, la aceptaci\u00f3n y eviten la estigmatizaci\u00f3n.<\/span><\/p>\n<p><span style=\"color: #000000;\">La investigaci\u00f3n fue desarrollada por el docente investigador de la Universidad San Ignacio de Loyola, Guido Bendez\u00fa Quispe, en colaboraci\u00f3n con especialistas de otras universidades peruanas: Brenda Caira Chuquineyra, Daniel Fern\u00e1ndez Guzm\u00e1n, Andrea Cortez Soto, Diego Urrunaga Pastor y Carlos Toro Huamanchumo.<\/span><\/p>\n<p><a href=\"https:\/\/elinformanteperu.com\/wp-content\/uploads\/2026\/03\/mujeres-victima-violencia2.jpg\"><img decoding=\"async\" class=\"wp-image-147117 aligncenter\" src=\"https:\/\/elinformanteperu.com\/wp-content\/uploads\/2026\/03\/mujeres-victima-violencia2.jpg\" alt=\"\" width=\"807\" height=\"533\" srcset=\"https:\/\/elinformanteperu.com\/wp-content\/uploads\/2026\/03\/mujeres-victima-violencia2.jpg 1021w, https:\/\/elinformanteperu.com\/wp-content\/uploads\/2026\/03\/mujeres-victima-violencia2-300x198.jpg 300w, https:\/\/elinformanteperu.com\/wp-content\/uploads\/2026\/03\/mujeres-victima-violencia2-768x507.jpg 768w\" sizes=\"(max-width: 807px) 100vw, 807px\" \/><\/a><\/p>\n","protected":false},"excerpt":{"rendered":"<p>Un estudio revel\u00f3 que una de cada dos peruanas ha sufrido violencia de pareja, situaci\u00f3n asociada con un mayor n\u00famero de embarazos no deseados. Lima, 4 de marzo 2026 (El Informante Per\u00fa).- A pocos d\u00edas de conmemorarse el D\u00eda Internacional de la Mujer (8 de marzo), un estudio revela que la violencia de pareja sigue [&hellip;]<\/p>\n","protected":false},"author":1,"featured_media":147115,"comment_status":"closed","ping_status":"closed","sticky":false,"template":"","format":"standard","meta":{"rop_custom_images_group":[],"rop_custom_messages_group":[],"rop_publish_now":"initial","rop_publish_now_accounts":[],"rop_publish_now_history":[],"rop_publish_now_status":"pending","footnotes":""},"categories":[10],"tags":[8269,312],"class_list":["post-147114","post","type-post","status-publish","format-standard","has-post-thumbnail","hentry","category-actualidad-municipal","tag-dia-internacional-de-la-mujer","tag-ministerio-de-la-mujer"],"_links":{"self":[{"href":"https:\/\/elinformanteperu.com\/index.php\/wp-json\/wp\/v2\/posts\/147114","targetHints":{"allow":["GET"]}}],"collection":[{"href":"https:\/\/elinformanteperu.com\/index.php\/wp-json\/wp\/v2\/posts"}],"about":[{"href":"https:\/\/elinformanteperu.com\/index.php\/wp-json\/wp\/v2\/types\/post"}],"author":[{"embeddable":true,"href":"https:\/\/elinformanteperu.com\/index.php\/wp-json\/wp\/v2\/users\/1"}],"replies":[{"embeddable":true,"href":"https:\/\/elinformanteperu.com\/index.php\/wp-json\/wp\/v2\/comments?post=147114"}],"version-history":[{"count":1,"href":"https:\/\/elinformanteperu.com\/index.php\/wp-json\/wp\/v2\/posts\/147114\/revisions"}],"predecessor-version":[{"id":147118,"href":"https:\/\/elinformanteperu.com\/index.php\/wp-json\/wp\/v2\/posts\/147114\/revisions\/147118"}],"wp:featuredmedia":[{"embeddable":true,"href":"https:\/\/elinformanteperu.com\/index.php\/wp-json\/wp\/v2\/media\/147115"}],"wp:attachment":[{"href":"https:\/\/elinformanteperu.com\/index.php\/wp-json\/wp\/v2\/media?parent=147114"}],"wp:term":[{"taxonomy":"category","embeddable":true,"href":"https:\/\/elinformanteperu.com\/index.php\/wp-json\/wp\/v2\/categories?post=147114"},{"taxonomy":"post_tag","embeddable":true,"href":"https:\/\/elinformanteperu.com\/index.php\/wp-json\/wp\/v2\/tags?post=147114"}],"curies":[{"name":"wp","href":"https:\/\/api.w.org\/{rel}","templated":true}]}}