{"id":147111,"date":"2026-03-05T00:08:03","date_gmt":"2026-03-05T05:08:03","guid":{"rendered":"https:\/\/elinformanteperu.com\/?p=147111"},"modified":"2026-03-05T00:08:03","modified_gmt":"2026-03-05T05:08:03","slug":"siete-de-cada-diez-peruanos-estan-fuera-de-su-peso-saludable-que-hacer-ante-la-obesidad","status":"publish","type":"post","link":"https:\/\/elinformanteperu.com\/index.php\/2026\/03\/05\/siete-de-cada-diez-peruanos-estan-fuera-de-su-peso-saludable-que-hacer-ante-la-obesidad\/","title":{"rendered":"Siete de cada diez peruanos est\u00e1n fuera de su peso saludable: qu\u00e9 hacer ante la obesidad"},"content":{"rendered":"<p><strong><span style=\"color: #000000;\">Especialistas advierten que la obesidad es una enfermedad cr\u00f3nica que requiere un abordaje multidisciplinario y sostenido, m\u00e1s all\u00e1 de cambios puntuales en el estilo de vida.<\/span><\/strong><\/p>\n<p><span style=\"color: #000000;\"><strong>Lima, 4 de marzo 2026 (El Informante Per\u00fa).-<\/strong> Aproximadamente, 7 de cada 10 peruanos se encuentran fuera de su peso saludable. El 36,5% de peruanos mayores de 15 a\u00f1os presenta sobrepeso, seg\u00fan el Instituto Nacional de Estad\u00edstica e Inform\u00e1tica (INEI), y el 30% vive con obesidad, de acuerdo con datos de la Federaci\u00f3n Mundial de Obesidad. Frente a estas cifras, especialistas en cirug\u00eda bari\u00e1trica advierten que abordar esta condici\u00f3n requiere mucho m\u00e1s que dietas restrictivas, pues demanda un tratamiento integral, sostenido y bajo supervisi\u00f3n m\u00e9dica.<\/span><\/p>\n<p><span style=\"color: #000000;\">La Organizaci\u00f3n Mundial de la Salud (OMS), define la obesidad es una enfermedad cr\u00f3nica, con probabilidad de reca\u00eddas que est\u00e1 influida por factores gen\u00e9ticos, procesos del cerebro que regulan el hambre, h\u00e1bitos de vida, como el consumo de una dieta con grasas, el sedentarismo, las pocas horas de sue\u00f1o; as\u00ed como el entorno. Esta definici\u00f3n marca un cambio importante frente a la idea de que se trata de comer menor y hacer ejercicios.<\/span><\/p>\n<p><span style=\"color: #000000;\">Para el Dr. Luciano Poggi, miembro de la Asociaci\u00f3n Americana de Cirug\u00eda Bari\u00e1trica y Metab\u00f3lica (ASMBS), es fundamental diferenciar entre perder peso y tratar la obesidad. \u00abPerder peso puede funcionar en el corto plazo con cualquier dieta restrictiva, pero tratar la obesidad es un trabajo constante y de largo plazo, como cualquier problema cr\u00f3nico\u00bb, indica.<\/span><\/p>\n<p><span style=\"color: #000000;\">En esa misma l\u00ednea, el Dr. Aurelio Barboza, cirujano bariatra y miembro de la Asociaci\u00f3n Peruana de Cirug\u00eda Bari\u00e1trica y Enfermedades Metab\u00f3licas (APCBEM), precisa que la obesidad no act\u00faa de forma aislada. \u00abCuando uno llega al diagn\u00f3stico de obesidad, esta trae consigo m\u00faltiples complicaciones, como la diabetes, la hipertensi\u00f3n, las enfermedades cardiovasculares, los infartos card\u00edacos, la insuficiencia renal, y muchas m\u00e1s que ponen en alto riesgo la salud de quien la padece\u00bb, advierte.<\/span><\/p>\n<p><span style=\"color: #000000;\">El Dr. Poggi a\u00f1ade que las afectaciones alcanzan distintos \u00f3rganos. \u00abPuede generar desde migra\u00f1as e hipertensi\u00f3n intracraneal, que ocurre cuando aumenta la presi\u00f3n dentro del cr\u00e1neo, hasta problemas respiratorios, reflujo en el es\u00f3fago, y diversos tipos de c\u00e1ncer como el de mama, endometrio, es\u00f3fago, est\u00f3mago, p\u00e1ncreas y colon. A nivel de la salud mental, los pacientes con obesidad tienen entre 50% y un 60% m\u00e1s prevalencia de ansiedad y depresi\u00f3n\u00bb.<\/span><\/p>\n<p><span style=\"color: #000000;\">Los especialistas explican que el cuerpo est\u00e1 programado para mantener un peso determinado. Cuando las c\u00e9lulas grasas se agrandan, desarrollan una especie de memoria, ya que pueden reducir su volumen con dieta o tratamiento, pero tienden a volver a su tama\u00f1o anterior cuando se abandona el manejo. \u00abPor eso es muy dif\u00edcil bajar de peso, pero muy f\u00e1cil recuperarlo\u00bb, advierte el Dr. Barboza.<\/span><\/p>\n<p><span style=\"color: #000000;\">Frente a este escenario, los m\u00e9dicos coinciden en que el tratamiento debe ser multidisciplinario. \u00abHoy necesitamos todo un equipo. Somos m\u00e1s de 15 especialistas los que trabajamos en el manejo de un paciente con obesidad: psic\u00f3logos, nutricionistas, gastroenter\u00f3logos, cirujanos, entre otros. Cada uno tiene su funci\u00f3n para el abordaje integral de estos pacientes\u00bb, explica el Dr. Barboza.<\/span><\/p>\n<p><span style=\"color: #000000;\">Las opciones terap\u00e9uticas van desde programas de evaluaci\u00f3n nutricional, psicol\u00f3gica y m\u00e9dica, hasta esquemas de actividad f\u00edsica supervisada. \u00abVivimos una \u00e9poca con gran diversidad de opciones y medicaciones que funcionan bien. Tambi\u00e9n contamos con procedimientos m\u00ednimamente invasivos, como la cirug\u00eda bari\u00e1trica, que han demostrado ser eficaz para el manejo de la obesidad y el mantenimiento del peso a largo plazo\u00bb, agrega el Dr. Poggi.<\/span><\/p>\n<p><span style=\"color: #000000;\">Finalmente, los especialistas hacen un llamado a eliminar el estigma que rodea a esta enfermedad. \u00abLa obesidad es un problema de salud que debe abordarse con informaci\u00f3n, comprensi\u00f3n y acompa\u00f1amiento profesional. Es importante dejar atr\u00e1s prejuicios y promover una mirada m\u00e1s emp\u00e1tica\u00bb, se\u00f1ala el Dr. Poggi. El Dr. Barboza concluye recordar que \u00abel paciente con obesidad merece respeto. Debemos entender que se trata de una enfermedad y, como tal, es fundamental buscar orientaci\u00f3n y evaluaci\u00f3n m\u00e9dica especializada\u00bb.<\/span><\/p>\n","protected":false},"excerpt":{"rendered":"<p>Especialistas advierten que la obesidad es una enfermedad cr\u00f3nica que requiere un abordaje multidisciplinario y sostenido, m\u00e1s all\u00e1 de cambios puntuales en el estilo de vida. Lima, 4 de marzo 2026 (El Informante Per\u00fa).- Aproximadamente, 7 de cada 10 peruanos se encuentran fuera de su peso saludable. El 36,5% de peruanos mayores de 15 a\u00f1os [&hellip;]<\/p>\n","protected":false},"author":1,"featured_media":147112,"comment_status":"closed","ping_status":"closed","sticky":false,"template":"","format":"standard","meta":{"rop_custom_images_group":[],"rop_custom_messages_group":[],"rop_publish_now":"initial","rop_publish_now_accounts":[],"rop_publish_now_history":[],"rop_publish_now_status":"pending","footnotes":""},"categories":[10],"tags":[845,917,5594,3709,3710],"class_list":["post-147111","post","type-post","status-publish","format-standard","has-post-thumbnail","hentry","category-actualidad-municipal","tag-inei","tag-instituto-nacional-de-estadistica","tag-obesidad","tag-oms","tag-organizacion-mundial-de-la-salud"],"_links":{"self":[{"href":"https:\/\/elinformanteperu.com\/index.php\/wp-json\/wp\/v2\/posts\/147111","targetHints":{"allow":["GET"]}}],"collection":[{"href":"https:\/\/elinformanteperu.com\/index.php\/wp-json\/wp\/v2\/posts"}],"about":[{"href":"https:\/\/elinformanteperu.com\/index.php\/wp-json\/wp\/v2\/types\/post"}],"author":[{"embeddable":true,"href":"https:\/\/elinformanteperu.com\/index.php\/wp-json\/wp\/v2\/users\/1"}],"replies":[{"embeddable":true,"href":"https:\/\/elinformanteperu.com\/index.php\/wp-json\/wp\/v2\/comments?post=147111"}],"version-history":[{"count":1,"href":"https:\/\/elinformanteperu.com\/index.php\/wp-json\/wp\/v2\/posts\/147111\/revisions"}],"predecessor-version":[{"id":147113,"href":"https:\/\/elinformanteperu.com\/index.php\/wp-json\/wp\/v2\/posts\/147111\/revisions\/147113"}],"wp:featuredmedia":[{"embeddable":true,"href":"https:\/\/elinformanteperu.com\/index.php\/wp-json\/wp\/v2\/media\/147112"}],"wp:attachment":[{"href":"https:\/\/elinformanteperu.com\/index.php\/wp-json\/wp\/v2\/media?parent=147111"}],"wp:term":[{"taxonomy":"category","embeddable":true,"href":"https:\/\/elinformanteperu.com\/index.php\/wp-json\/wp\/v2\/categories?post=147111"},{"taxonomy":"post_tag","embeddable":true,"href":"https:\/\/elinformanteperu.com\/index.php\/wp-json\/wp\/v2\/tags?post=147111"}],"curies":[{"name":"wp","href":"https:\/\/api.w.org\/{rel}","templated":true}]}}