{"id":147104,"date":"2026-03-04T23:45:02","date_gmt":"2026-03-05T04:45:02","guid":{"rendered":"https:\/\/elinformanteperu.com\/?p=147104"},"modified":"2026-03-05T00:01:26","modified_gmt":"2026-03-05T05:01:26","slug":"lunahuana-celebra-la-xxxii-edicion-del-festival-de-la-uva-el-vino-y-el-canotaje","status":"publish","type":"post","link":"https:\/\/elinformanteperu.com\/index.php\/2026\/03\/04\/lunahuana-celebra-la-xxxii-edicion-del-festival-de-la-uva-el-vino-y-el-canotaje\/","title":{"rendered":"Lunahuan\u00e1 celebra la XXXII edici\u00f3n del \u00abFestival de la Uva, el Vino y el Canotaje\u00bb"},"content":{"rendered":"<p><span style=\"color: #000000;\"><strong>Lima, 4 de marzo 2026 (Jeanette Garc\u00eda \/ El Informante Per\u00fa).-<\/strong> La Municipalidad distrital de Lunahuan\u00e1 anunci\u00f3 la realizaci\u00f3n de la XXXII edici\u00f3n del \u00abFestival de la Uva, el Vino y el Canotaje\u00bb, este festival considerado como uno de los eventos m\u00e1s representativos del calendario tur\u00edstico y cultural de la regi\u00f3n de Lima que, a\u00f1o tras a\u00f1o, fortalece la identidad, la tradici\u00f3n vitivin\u00edcola y el turismo de aventura en la provincia de Ca\u00f1ete.<\/span><\/p>\n<p><span style=\"color: #000000;\">Con m\u00e1s de tres d\u00e9cadas de historia desde su institucionalizaci\u00f3n en 1991, mediante el oficio N\u00ba 02 -91- ACDL, este festival se ha consolidado como una importante vitrina de promoci\u00f3n tur\u00edstica proyectando a Lunahuan\u00e1 como un destino competitivo y sostenible a nivel nacional.<\/span><\/p>\n<p><a href=\"https:\/\/elinformanteperu.com\/wp-content\/uploads\/2026\/03\/lunahuana-festival-de-la-uva1.jpg\"><img fetchpriority=\"high\" decoding=\"async\" class=\" wp-image-147106 aligncenter\" src=\"https:\/\/elinformanteperu.com\/wp-content\/uploads\/2026\/03\/lunahuana-festival-de-la-uva1.jpg\" alt=\"\" width=\"473\" height=\"602\" srcset=\"https:\/\/elinformanteperu.com\/wp-content\/uploads\/2026\/03\/lunahuana-festival-de-la-uva1.jpg 549w, https:\/\/elinformanteperu.com\/wp-content\/uploads\/2026\/03\/lunahuana-festival-de-la-uva1-236x300.jpg 236w\" sizes=\"(max-width: 473px) 100vw, 473px\" \/><\/a><span style=\"color: #000000;\">\u00abEl festival de la uva, el vino y el canotaje\u00bb naci\u00f3 del esfuerzo conjunto de productores vitivin\u00edcolas, empresarios tur\u00edsticos y promotores culturales que apostaron por posicionar a Lunahuan\u00e1 como referente en la producci\u00f3n de vinos artesanales y en la pr\u00e1ctica de deportes de aventura; gracias a ese trabajo articulado, hoy el distrito es reconocido uno de los principales destinos tur\u00edsticos del sur de Lima. <\/span><\/p>\n<p><span style=\"color: #000000;\">La programaci\u00f3n de esta edici\u00f3n incluir\u00e1 la tradicional pisa de uva, s\u00edmbolo de nuestra herencia vitivin\u00edcola, exhibici\u00f3n y degustaci\u00f3n de vinos, productos derivados de la uva elaborados por bodegas locales, competencias de canotaje y kayak en el rio Ca\u00f1ete; corso aleg\u00f3rico, certamen de belleza, as\u00ed como presentaciones art\u00edsticas y eventos culturales.<\/span><\/p>\n<p><span style=\"color: #000000;\">Asimismo la municipalidad distrital de Lunahuan\u00e1 viene coordinando acciones de seguridad, orden p\u00fablico, limpieza y atenci\u00f3n al visitante con el objetivo de garantizar una celebraci\u00f3n organizada y segura para todos los asaltantes el festival de la uva, el vino y canotaje representa una oportunidad para impulsar la actividad comercial, hotelera y gastron\u00f3mica del distrito, promoviendo el empleo y el fortalecimiento de la cadena productiva vinculada al turismo.<\/span><\/p>\n<p><a href=\"https:\/\/elinformanteperu.com\/wp-content\/uploads\/2026\/03\/lunahuana-festival-de-la-uva2.jpg\"><img decoding=\"async\" class=\" wp-image-147107 aligncenter\" src=\"https:\/\/elinformanteperu.com\/wp-content\/uploads\/2026\/03\/lunahuana-festival-de-la-uva2.jpg\" alt=\"\" width=\"489\" height=\"695\" srcset=\"https:\/\/elinformanteperu.com\/wp-content\/uploads\/2026\/03\/lunahuana-festival-de-la-uva2.jpg 514w, https:\/\/elinformanteperu.com\/wp-content\/uploads\/2026\/03\/lunahuana-festival-de-la-uva2-211x300.jpg 211w\" sizes=\"(max-width: 489px) 100vw, 489px\" \/><\/a><\/p>\n<p><iframe title=\"Entrevista al subgerente de Desarrollo Econ\u00f3mico de la Municipalidad de Lunahuan\u00e1, Edison Zapata\" width=\"519\" height=\"923\" src=\"https:\/\/www.youtube.com\/embed\/KNpdgUeyRAM?feature=oembed\" frameborder=\"0\" allow=\"accelerometer; autoplay; clipboard-write; encrypted-media; gyroscope; picture-in-picture; web-share\" referrerpolicy=\"strict-origin-when-cross-origin\" allowfullscreen><\/iframe><\/p>\n<p>&nbsp;<\/p>\n","protected":false},"excerpt":{"rendered":"<p>Lima, 4 de marzo 2026 (Jeanette Garc\u00eda \/ El Informante Per\u00fa).- La Municipalidad distrital de Lunahuan\u00e1 anunci\u00f3 la realizaci\u00f3n de la XXXII edici\u00f3n del \u00abFestival de la Uva, el Vino y el Canotaje\u00bb, este festival considerado como uno de los eventos m\u00e1s representativos del calendario tur\u00edstico y cultural de la regi\u00f3n de Lima que, a\u00f1o [&hellip;]<\/p>\n","protected":false},"author":1,"featured_media":147105,"comment_status":"closed","ping_status":"closed","sticky":false,"template":"","format":"standard","meta":{"rop_custom_images_group":[],"rop_custom_messages_group":[],"rop_publish_now":"initial","rop_publish_now_accounts":[],"rop_publish_now_history":[],"rop_publish_now_status":"pending","footnotes":""},"categories":[10,5745],"tags":[4263,8763,7799],"class_list":["post-147104","post","type-post","status-publish","format-standard","has-post-thumbnail","hentry","category-actualidad-municipal","category-lo-ultimo","tag-canete","tag-festival-de-la-uva","tag-lunahuana"],"_links":{"self":[{"href":"https:\/\/elinformanteperu.com\/index.php\/wp-json\/wp\/v2\/posts\/147104","targetHints":{"allow":["GET"]}}],"collection":[{"href":"https:\/\/elinformanteperu.com\/index.php\/wp-json\/wp\/v2\/posts"}],"about":[{"href":"https:\/\/elinformanteperu.com\/index.php\/wp-json\/wp\/v2\/types\/post"}],"author":[{"embeddable":true,"href":"https:\/\/elinformanteperu.com\/index.php\/wp-json\/wp\/v2\/users\/1"}],"replies":[{"embeddable":true,"href":"https:\/\/elinformanteperu.com\/index.php\/wp-json\/wp\/v2\/comments?post=147104"}],"version-history":[{"count":3,"href":"https:\/\/elinformanteperu.com\/index.php\/wp-json\/wp\/v2\/posts\/147104\/revisions"}],"predecessor-version":[{"id":147110,"href":"https:\/\/elinformanteperu.com\/index.php\/wp-json\/wp\/v2\/posts\/147104\/revisions\/147110"}],"wp:featuredmedia":[{"embeddable":true,"href":"https:\/\/elinformanteperu.com\/index.php\/wp-json\/wp\/v2\/media\/147105"}],"wp:attachment":[{"href":"https:\/\/elinformanteperu.com\/index.php\/wp-json\/wp\/v2\/media?parent=147104"}],"wp:term":[{"taxonomy":"category","embeddable":true,"href":"https:\/\/elinformanteperu.com\/index.php\/wp-json\/wp\/v2\/categories?post=147104"},{"taxonomy":"post_tag","embeddable":true,"href":"https:\/\/elinformanteperu.com\/index.php\/wp-json\/wp\/v2\/tags?post=147104"}],"curies":[{"name":"wp","href":"https:\/\/api.w.org\/{rel}","templated":true}]}}