{"id":14710,"date":"2017-08-21T23:27:20","date_gmt":"2017-08-22T04:27:20","guid":{"rendered":"http:\/\/elinformanteperu.com\/?p=14710"},"modified":"2017-08-22T00:34:10","modified_gmt":"2017-08-22T05:34:10","slug":"uruguay-y-argentina-oficializaran-candidatura-del-mundial-2030","status":"publish","type":"post","link":"https:\/\/elinformanteperu.com\/index.php\/2017\/08\/21\/uruguay-y-argentina-oficializaran-candidatura-del-mundial-2030\/","title":{"rendered":"Uruguay y Argentina oficializar\u00e1n candidatura del Mundial 2030"},"content":{"rendered":"<p><span style=\"color: #000000;\"><strong>Uruguay y Argentina oficializar\u00e1n el mi\u00e9rcoles 30 de agosto su candidatura conjunta al Mundial de 2030, anunci\u00f3 el presidente uruguayo, Tabar\u00e9 V\u00e1zquez.<\/strong><\/span><\/p>\n<p><span style=\"color: #000000;\"><strong>Lima, 21 Agosto 2017, (ANDINA).-<\/strong> Uruguay y Argentina oficializar\u00e1n el mi\u00e9rcoles 30 de agosto su candidatura conjunta al Mundial de 2030, anunci\u00f3 el presidente Tabar\u00e9 V\u00e1zquez, que recibir\u00e1 ese d\u00eda a su par argentino Mauricio Macri y prometi\u00f3 \u00absorpresas\u00bb para la ocasi\u00f3n.<\/span><\/p>\n<p><span style=\"color: #000000;\">\u00abEl pr\u00f3ximo 30 de agosto visitar\u00e1 Uruguay el presidente Macri, (&#8230;) en oportunidad de realizar por parte de los dos gobiernos, de los dos pa\u00edses, la postulaci\u00f3n oficial (&#8230;) para el campeonato mundial de f\u00fatbol de 2030\u00bb, anunci\u00f3 V\u00e1zquez ante las c\u00e1maras de televisi\u00f3n.<\/span><\/p>\n<p><span style=\"color: #000000;\">Los dos mandatarios se reunir\u00e1n en horas de la ma\u00f1ana el 30 de agosto en la estancia presidencial de Anchorena, unos 200 km al oeste de Montevideo.<\/span><\/p>\n<p><span style=\"color: #000000;\">\u00abPuede haber algunas sorpresas interesantes al respecto\u00bb, a\u00f1adi\u00f3 V\u00e1zquez en declaraciones a periodistas en una ceremonia en una planta industrial, sin m\u00e1s detalles.<\/span><\/p>\n<p><span style=\"color: #000000;\">El local diario El Pa\u00eds record\u00f3 este lunes que recientemente la ministra de Turismo, Liliam Kechichi\u00e1n, manifest\u00f3 su inter\u00e9s en que las estrellas del Barcelona, el argentino Lionel Messi y el uruguayo Luis Su\u00e1rez, cooperaran para promover la candidatura conjunta.<\/span><\/p>\n<p><span style=\"color: #000000;\">Messi estar\u00e1 en Uruguay para disputar un partido de eliminatorias el jueves 31 de agosto contra los locales, pero Su\u00e1rez no ser\u00e1 de la partida por lesi\u00f3n en el cl\u00e1sico del R\u00edo de la Plata.<\/span><\/p>\n<p><span style=\"color: #000000;\">Los dos pa\u00edses han manifestado reiteradamente su inter\u00e9s de realizar esa justa, a 100 a\u00f1os del primer mundial que tuvo lugar en 1930 en el Estadio Centenario de Montevideo con victoria celeste ante Argentina.<\/span><\/p>\n<p><img fetchpriority=\"high\" decoding=\"async\" class=\"aligncenter size-full wp-image-4943\" src=\"http:\/\/elinformanteperu.com\/wp-content\/uploads\/2017\/01\/maradona-copa-del-mundo.jpg\" alt=\"\" width=\"652\" height=\"366\" srcset=\"https:\/\/elinformanteperu.com\/wp-content\/uploads\/2017\/01\/maradona-copa-del-mundo.jpg 652w, https:\/\/elinformanteperu.com\/wp-content\/uploads\/2017\/01\/maradona-copa-del-mundo-300x168.jpg 300w, https:\/\/elinformanteperu.com\/wp-content\/uploads\/2017\/01\/maradona-copa-del-mundo-128x72.jpg 128w, https:\/\/elinformanteperu.com\/wp-content\/uploads\/2017\/01\/maradona-copa-del-mundo-32x18.jpg 32w\" sizes=\"(max-width: 652px) 100vw, 652px\" \/><\/p>\n<p>&nbsp;<\/p>\n","protected":false},"excerpt":{"rendered":"<p>Uruguay y Argentina oficializar\u00e1n el mi\u00e9rcoles 30 de agosto su candidatura conjunta al Mundial de 2030, anunci\u00f3 el presidente uruguayo, Tabar\u00e9 V\u00e1zquez. Lima, 21 Agosto 2017, (ANDINA).- Uruguay y Argentina oficializar\u00e1n el mi\u00e9rcoles 30 de agosto su candidatura conjunta al Mundial de 2030, anunci\u00f3 el presidente Tabar\u00e9 V\u00e1zquez, que recibir\u00e1 ese d\u00eda a su par [&hellip;]<\/p>\n","protected":false},"author":1,"featured_media":3921,"comment_status":"open","ping_status":"open","sticky":false,"template":"","format":"standard","meta":{"rop_custom_images_group":[],"rop_custom_messages_group":[],"rop_publish_now":"initial","rop_publish_now_accounts":[],"rop_publish_now_history":[],"rop_publish_now_status":"pending","footnotes":""},"categories":[8],"tags":[140,268],"class_list":["post-14710","post","type-post","status-publish","format-standard","has-post-thumbnail","hentry","category-disciplinas-deportivas","tag-copa-del-mundo-fifa","tag-fifa"],"_links":{"self":[{"href":"https:\/\/elinformanteperu.com\/index.php\/wp-json\/wp\/v2\/posts\/14710","targetHints":{"allow":["GET"]}}],"collection":[{"href":"https:\/\/elinformanteperu.com\/index.php\/wp-json\/wp\/v2\/posts"}],"about":[{"href":"https:\/\/elinformanteperu.com\/index.php\/wp-json\/wp\/v2\/types\/post"}],"author":[{"embeddable":true,"href":"https:\/\/elinformanteperu.com\/index.php\/wp-json\/wp\/v2\/users\/1"}],"replies":[{"embeddable":true,"href":"https:\/\/elinformanteperu.com\/index.php\/wp-json\/wp\/v2\/comments?post=14710"}],"version-history":[{"count":2,"href":"https:\/\/elinformanteperu.com\/index.php\/wp-json\/wp\/v2\/posts\/14710\/revisions"}],"predecessor-version":[{"id":14734,"href":"https:\/\/elinformanteperu.com\/index.php\/wp-json\/wp\/v2\/posts\/14710\/revisions\/14734"}],"wp:featuredmedia":[{"embeddable":true,"href":"https:\/\/elinformanteperu.com\/index.php\/wp-json\/wp\/v2\/media\/3921"}],"wp:attachment":[{"href":"https:\/\/elinformanteperu.com\/index.php\/wp-json\/wp\/v2\/media?parent=14710"}],"wp:term":[{"taxonomy":"category","embeddable":true,"href":"https:\/\/elinformanteperu.com\/index.php\/wp-json\/wp\/v2\/categories?post=14710"},{"taxonomy":"post_tag","embeddable":true,"href":"https:\/\/elinformanteperu.com\/index.php\/wp-json\/wp\/v2\/tags?post=14710"}],"curies":[{"name":"wp","href":"https:\/\/api.w.org\/{rel}","templated":true}]}}