{"id":147087,"date":"2026-03-04T03:21:02","date_gmt":"2026-03-04T08:21:02","guid":{"rendered":"https:\/\/elinformanteperu.com\/?p=147087"},"modified":"2026-03-04T03:21:02","modified_gmt":"2026-03-04T08:21:02","slug":"peru-exonera-de-visa-a-titulares-de-pasaportes-diplomaticos-y-de-servicio-de-la-santa-sede","status":"publish","type":"post","link":"https:\/\/elinformanteperu.com\/index.php\/2026\/03\/04\/peru-exonera-de-visa-a-titulares-de-pasaportes-diplomaticos-y-de-servicio-de-la-santa-sede\/","title":{"rendered":"Per\u00fa exonera de visa a titulares de pasaportes diplom\u00e1ticos y de servicio de la Santa Sede"},"content":{"rendered":"<p><strong><span style=\"color: #000000;\">Medida simplificar\u00e1 procedimientos migratorios de funcionarios en el cumplimiento de sus funci\u00f3n<\/span><\/strong><\/p>\n<p><span style=\"color: #000000;\"><strong>Lima, 3 de marzo 2026 (ANDINA).-<\/strong> El Gobierno del Per\u00fa aprob\u00f3 el Decreto Supremo N.\u00b0 007-2026-RE que exonera del requisito de visa temporal a los ciudadanos extranjeros titulares de pasaportes diplom\u00e1ticos y de servicio de la Santa Sede, debidamente v\u00e1lidos y vigentes.<\/span><\/p>\n<p><span style=\"color: #000000;\">Esta medida permitir\u00e1 un ingreso y salida m\u00e1s \u00e1gil, que simplifique y facilite los procedimientos migratorios y el cumplimiento de sus funciones diplom\u00e1ticas, oficiales y dem\u00e1s responsabilidades inherentes a su condici\u00f3n, informa la Canciller\u00eda.<\/span><\/p>\n<p><span style=\"color: #000000;\">La disposici\u00f3n se sustenta en el principio de reciprocidad en las relaciones internacionales, considerando que el Estado de la Ciudad del Vaticano, bajo la administraci\u00f3n de la Santa Sede, exime de visa a los ciudadanos peruanos titulares de pasaportes diplom\u00e1ticos y oficiales para estancias de corta duraci\u00f3n.<\/span><\/p>\n<p><span style=\"color: #000000;\">Adem\u00e1s, refuerza las relaciones bilaterales entre el Per\u00fa y la Santa Sede, cuyo marco jur\u00eddico se encuentra establecido en el Acuerdo suscrito el 19 de julio de 1980, aprobado mediante Decreto Ley N.\u00b0 23211, as\u00ed como en la Constituci\u00f3n Pol\u00edtica del Per\u00fa y la normativa migratoria vigente.<\/span><\/p>\n<p><span style=\"color: #000000;\">El Ministerio de Relaciones Exteriores, de ese modo, reafirma su compromiso de promover mecanismos que fortalezcan las relaciones diplom\u00e1ticas y la cooperaci\u00f3n internacional, siempre en observancia del derecho internacional y de los principios que orientan la pol\u00edtica exterior del Estado peruano.<\/span><\/p>\n<p><a href=\"https:\/\/elinformanteperu.com\/wp-content\/uploads\/2025\/08\/cancilleria4.jpg\"><img fetchpriority=\"high\" decoding=\"async\" class=\"size-large wp-image-141572 aligncenter\" src=\"https:\/\/elinformanteperu.com\/wp-content\/uploads\/2025\/08\/cancilleria4-1024x683.jpg\" alt=\"\" width=\"615\" height=\"410\" srcset=\"https:\/\/elinformanteperu.com\/wp-content\/uploads\/2025\/08\/cancilleria4-1024x683.jpg 1024w, https:\/\/elinformanteperu.com\/wp-content\/uploads\/2025\/08\/cancilleria4-300x200.jpg 300w, https:\/\/elinformanteperu.com\/wp-content\/uploads\/2025\/08\/cancilleria4-768x512.jpg 768w, https:\/\/elinformanteperu.com\/wp-content\/uploads\/2025\/08\/cancilleria4-1536x1024.jpg 1536w, https:\/\/elinformanteperu.com\/wp-content\/uploads\/2025\/08\/cancilleria4.jpg 1800w\" sizes=\"(max-width: 615px) 100vw, 615px\" \/><\/a><\/p>\n","protected":false},"excerpt":{"rendered":"<p>Medida simplificar\u00e1 procedimientos migratorios de funcionarios en el cumplimiento de sus funci\u00f3n Lima, 3 de marzo 2026 (ANDINA).- El Gobierno del Per\u00fa aprob\u00f3 el Decreto Supremo N.\u00b0 007-2026-RE que exonera del requisito de visa temporal a los ciudadanos extranjeros titulares de pasaportes diplom\u00e1ticos y de servicio de la Santa Sede, debidamente v\u00e1lidos y vigentes. Esta [&hellip;]<\/p>\n","protected":false},"author":1,"featured_media":147088,"comment_status":"closed","ping_status":"closed","sticky":false,"template":"","format":"standard","meta":{"rop_custom_images_group":[],"rop_custom_messages_group":[],"rop_publish_now":"initial","rop_publish_now_accounts":[],"rop_publish_now_history":[],"rop_publish_now_status":"pending","footnotes":""},"categories":[5],"tags":[294],"class_list":["post-147087","post","type-post","status-publish","format-standard","has-post-thumbnail","hentry","category-actualidad-informativa","tag-cancilleria"],"_links":{"self":[{"href":"https:\/\/elinformanteperu.com\/index.php\/wp-json\/wp\/v2\/posts\/147087","targetHints":{"allow":["GET"]}}],"collection":[{"href":"https:\/\/elinformanteperu.com\/index.php\/wp-json\/wp\/v2\/posts"}],"about":[{"href":"https:\/\/elinformanteperu.com\/index.php\/wp-json\/wp\/v2\/types\/post"}],"author":[{"embeddable":true,"href":"https:\/\/elinformanteperu.com\/index.php\/wp-json\/wp\/v2\/users\/1"}],"replies":[{"embeddable":true,"href":"https:\/\/elinformanteperu.com\/index.php\/wp-json\/wp\/v2\/comments?post=147087"}],"version-history":[{"count":1,"href":"https:\/\/elinformanteperu.com\/index.php\/wp-json\/wp\/v2\/posts\/147087\/revisions"}],"predecessor-version":[{"id":147089,"href":"https:\/\/elinformanteperu.com\/index.php\/wp-json\/wp\/v2\/posts\/147087\/revisions\/147089"}],"wp:featuredmedia":[{"embeddable":true,"href":"https:\/\/elinformanteperu.com\/index.php\/wp-json\/wp\/v2\/media\/147088"}],"wp:attachment":[{"href":"https:\/\/elinformanteperu.com\/index.php\/wp-json\/wp\/v2\/media?parent=147087"}],"wp:term":[{"taxonomy":"category","embeddable":true,"href":"https:\/\/elinformanteperu.com\/index.php\/wp-json\/wp\/v2\/categories?post=147087"},{"taxonomy":"post_tag","embeddable":true,"href":"https:\/\/elinformanteperu.com\/index.php\/wp-json\/wp\/v2\/tags?post=147087"}],"curies":[{"name":"wp","href":"https:\/\/api.w.org\/{rel}","templated":true}]}}