{"id":147078,"date":"2026-03-04T03:12:11","date_gmt":"2026-03-04T08:12:11","guid":{"rendered":"https:\/\/elinformanteperu.com\/?p=147078"},"modified":"2026-03-04T03:12:11","modified_gmt":"2026-03-04T08:12:11","slug":"elecciones-2026-marisol-perez-tello-plantea-accion-conjunta-contra-la-pobreza","status":"publish","type":"post","link":"https:\/\/elinformanteperu.com\/index.php\/2026\/03\/04\/elecciones-2026-marisol-perez-tello-plantea-accion-conjunta-contra-la-pobreza\/","title":{"rendered":"Elecciones 2026: Marisol P\u00e9rez Tello plantea acci\u00f3n conjunta contra la pobreza"},"content":{"rendered":"<p><span style=\"color: #000000;\"><strong>Lima, 3 de marzo 2026 (ANDINA).-<\/strong> La candidata presidencial de Primero La Gente, Marisol P\u00e9rez Tello, afirm\u00f3 desde Cajamarca que el principal desaf\u00edo es pasar del diagn\u00f3stico a la ejecuci\u00f3n de pol\u00edticas con responsabilidad compartida entre Estado, autoridades locales y ciudadan\u00eda.<\/span><\/p>\n<p><span style=\"color: #000000;\">P\u00e9rez Tello indic\u00f3 que la lucha contra la pobreza debe articular agua, educaci\u00f3n, producci\u00f3n y reglas claras para la inversi\u00f3n con licencia social, priorizando un desarrollo con la gente.<\/span><\/p>\n<p><span style=\"color: #000000;\">Entre las medidas que plante\u00f3 est\u00e1n la reducci\u00f3n de la anemia infantil, el cierre de la brecha digital, la mejora de la conectividad vial, incluyendo tramos de la Carretera Longitudinal de la Sierra, y el fortalecimiento del desarrollo productivo, con \u00e9nfasis en el caf\u00e9 y la agricultura familiar.<\/span><\/p>\n<p><span style=\"color: #000000;\">Reconoci\u00f3 el trabajo de las rondas urbanas y campesinas en la seguridad de sus territorios y plante\u00f3 su articulaci\u00f3n a una pol\u00edticas p\u00fablicas que aseguren presencia real del Estado.<\/span><\/p>\n<p><span style=\"color: #000000;\">La propuesta prioriza combatir la pobreza con empleo y producci\u00f3n, colocar el agua como eje del ordenamiento territorial, promover miner\u00eda formal con reglas claras y licencia social, y fortalecer la educaci\u00f3n como base del desarrollo sostenible.<\/span><\/p>\n<p><span style=\"color: #000000;\">Durante la jornada, P\u00e9rez Tello se reuni\u00f3 con maestros de la regi\u00f3n, donde reafirm\u00f3 compromisos con el Frente Social y el Sindicato Unitario de Trabajadores en la Educaci\u00f3n del Per\u00fa, junto a su secretario general, Lucio Castro.<\/span><\/p>\n<p><span style=\"color: #000000;\">La candidata destac\u00f3 que la educaci\u00f3n debe ser una prioridad y que las acciones planteadas buscan resultados concretos para Cajamarca y el pa\u00eds.<\/span><\/p>\n","protected":false},"excerpt":{"rendered":"<p>Lima, 3 de marzo 2026 (ANDINA).- La candidata presidencial de Primero La Gente, Marisol P\u00e9rez Tello, afirm\u00f3 desde Cajamarca que el principal desaf\u00edo es pasar del diagn\u00f3stico a la ejecuci\u00f3n de pol\u00edticas con responsabilidad compartida entre Estado, autoridades locales y ciudadan\u00eda. P\u00e9rez Tello indic\u00f3 que la lucha contra la pobreza debe articular agua, educaci\u00f3n, producci\u00f3n [&hellip;]<\/p>\n","protected":false},"author":1,"featured_media":147079,"comment_status":"closed","ping_status":"closed","sticky":false,"template":"","format":"standard","meta":{"rop_custom_images_group":[],"rop_custom_messages_group":[],"rop_publish_now":"initial","rop_publish_now_accounts":[],"rop_publish_now_history":[],"rop_publish_now_status":"pending","footnotes":""},"categories":[5],"tags":[7561,196],"class_list":["post-147078","post","type-post","status-publish","format-standard","has-post-thumbnail","hentry","category-actualidad-informativa","tag-elecciones-2026","tag-marisol-perez-tello"],"_links":{"self":[{"href":"https:\/\/elinformanteperu.com\/index.php\/wp-json\/wp\/v2\/posts\/147078","targetHints":{"allow":["GET"]}}],"collection":[{"href":"https:\/\/elinformanteperu.com\/index.php\/wp-json\/wp\/v2\/posts"}],"about":[{"href":"https:\/\/elinformanteperu.com\/index.php\/wp-json\/wp\/v2\/types\/post"}],"author":[{"embeddable":true,"href":"https:\/\/elinformanteperu.com\/index.php\/wp-json\/wp\/v2\/users\/1"}],"replies":[{"embeddable":true,"href":"https:\/\/elinformanteperu.com\/index.php\/wp-json\/wp\/v2\/comments?post=147078"}],"version-history":[{"count":1,"href":"https:\/\/elinformanteperu.com\/index.php\/wp-json\/wp\/v2\/posts\/147078\/revisions"}],"predecessor-version":[{"id":147080,"href":"https:\/\/elinformanteperu.com\/index.php\/wp-json\/wp\/v2\/posts\/147078\/revisions\/147080"}],"wp:featuredmedia":[{"embeddable":true,"href":"https:\/\/elinformanteperu.com\/index.php\/wp-json\/wp\/v2\/media\/147079"}],"wp:attachment":[{"href":"https:\/\/elinformanteperu.com\/index.php\/wp-json\/wp\/v2\/media?parent=147078"}],"wp:term":[{"taxonomy":"category","embeddable":true,"href":"https:\/\/elinformanteperu.com\/index.php\/wp-json\/wp\/v2\/categories?post=147078"},{"taxonomy":"post_tag","embeddable":true,"href":"https:\/\/elinformanteperu.com\/index.php\/wp-json\/wp\/v2\/tags?post=147078"}],"curies":[{"name":"wp","href":"https:\/\/api.w.org\/{rel}","templated":true}]}}