{"id":147075,"date":"2026-03-04T03:09:45","date_gmt":"2026-03-04T08:09:45","guid":{"rendered":"https:\/\/elinformanteperu.com\/?p=147075"},"modified":"2026-03-04T03:09:45","modified_gmt":"2026-03-04T08:09:45","slug":"denisse-miralles-reafirma-compromiso-del-gobierno-con-la-gobernabilidad-democratica","status":"publish","type":"post","link":"https:\/\/elinformanteperu.com\/index.php\/2026\/03\/04\/denisse-miralles-reafirma-compromiso-del-gobierno-con-la-gobernabilidad-democratica\/","title":{"rendered":"Denisse Miralles reafirma compromiso del Gobierno con la gobernabilidad democr\u00e1tica"},"content":{"rendered":"<p><strong><span style=\"color: #000000;\">En reuni\u00f3n del Banco de Desarrollo de Am\u00e9rica Latina y el Caribe<\/span><\/strong><\/p>\n<p><span style=\"color: #000000;\"><strong>Lima, 3 de marzo 2026 (ANDINA).-<\/strong> La presidenta del Consejo de Ministros, Denisse Miralles, reafirm\u00f3 el compromiso del Gobierno con la defensa de la gobernabilidad democr\u00e1tica como condici\u00f3n indispensable para el desarrollo del pa\u00eds, durante su intervenci\u00f3n en la 188.\u00aa Reuni\u00f3n del Directorio del Banco de Desarrollo de Am\u00e9rica Latina y el Caribe (CAF).<\/span><\/p>\n<p><span style=\"color: #000000;\">En su discurso de bienvenida, la jefa del Gabinete sostuvo que la misi\u00f3n del Ejecutivo est\u00e1 orientada a \u201centregar un Estado m\u00e1s ordenado, con reglas claras, instituciones que funcionen y un clima de confianza que permita mirar el futuro con optimismo\u201d.<\/span><\/p>\n<p><span style=\"color: #000000;\">Subray\u00f3 que la estabilidad es un bien p\u00fablico que protege a las familias, a los emprendedores, a los trabajadores y a las futuras generaciones, y afirm\u00f3 que el Per\u00fa avanza cuando se act\u00faa con unidad y responsabilidad.<\/span><\/p>\n<p><span style=\"color: #000000;\">Miralles destac\u00f3 el papel del CAF como socio estrat\u00e9gico del pa\u00eds, pues su acompa\u00f1amiento t\u00e9cnico y financiero contribuye al fortalecimiento de la infraestructura, al impulso del desarrollo social y a la consolidaci\u00f3n de capacidades institucionales.<\/span><\/p>\n<p><span style=\"color: #000000;\">Recalc\u00f3 que la realizaci\u00f3n de esta reuni\u00f3n en el territorio peruano refleja la confianza regional en la capacidad del Gobierno para conducir una etapa de transici\u00f3n con madurez, responsabilidad y compromiso democr\u00e1tico.<\/span><\/p>\n<p><span style=\"color: #000000;\">\u201cEl Gobierno que lidera el presidente Jos\u00e9 Mar\u00eda Balc\u00e1zar tiene una tarea clara: conducir una transici\u00f3n ordenada que garantice estabilidad pol\u00edtica, paz social y elecciones libres y transparentes. Y lo estamos haciendo con un principio inquebrantable: el inter\u00e9s del pa\u00eds est\u00e1 por encima de cualquier otra consideraci\u00f3n\u201d, afirm\u00f3.<\/span><\/p>\n<p><strong><span style=\"color: #000000;\">Bases democr\u00e1ticas<\/span><\/strong><\/p>\n<p><span style=\"color: #000000;\">Asimismo, afirm\u00f3 que este periodo de transici\u00f3n constituye una oportunidad para reafirmar las bases democr\u00e1ticas del Per\u00fa, consolidando un entorno de estabilidad que permita un nuevo ciclo de crecimiento y bienestar.<\/span><\/p>\n<p><span style=\"color: #000000;\">Se\u00f1al\u00f3 que se est\u00e1 reforzando la prevenci\u00f3n y atenci\u00f3n frente al Fen\u00f3meno El Ni\u00f1o, fortaleciendo la seguridad ciudadana en todo el territorio y asegurando que el pr\u00f3ximo proceso electoral se realice con total transparencia y legitimidad.<\/span><\/p>\n<p><span style=\"color: #000000;\">La jefa del Gabinete Ministerial destac\u00f3 tambi\u00e9n los avances alcanzados, entre ellos una recuperaci\u00f3n econ\u00f3mica sostenida y la generaci\u00f3n de oportunidades reales, que, seg\u00fan afirm\u00f3, son resultado de decisiones firmes y de un compromiso claro con la estabilidad. A\u00f1adi\u00f3 que el Per\u00fa se presenta ante la regi\u00f3n con responsabilidad institucional y la convicci\u00f3n de que, unidos, es posible transformar desaf\u00edos en oportunidades.<\/span><\/p>\n<p><span style=\"color: #000000;\">Del encuentro participaron delegaciones de pa\u00edses de Am\u00e9rica Latina y el Caribe, entre ellos Argentina, Brasil, Chile, Colombia, Ecuador, Paraguay, Rep\u00fablica Dominicana, Uruguay, Venezuela y Per\u00fa, entre otros. Adem\u00e1s, se present\u00f3 el reporte \u201cA century of Plenty\u201d, que analiza el progreso econ\u00f3mico global y los desaf\u00edos para alcanzar mayores niveles de prosperidad en las pr\u00f3ximas d\u00e9cadas.<\/span><\/p>\n","protected":false},"excerpt":{"rendered":"<p>En reuni\u00f3n del Banco de Desarrollo de Am\u00e9rica Latina y el Caribe Lima, 3 de marzo 2026 (ANDINA).- La presidenta del Consejo de Ministros, Denisse Miralles, reafirm\u00f3 el compromiso del Gobierno con la defensa de la gobernabilidad democr\u00e1tica como condici\u00f3n indispensable para el desarrollo del pa\u00eds, durante su intervenci\u00f3n en la 188.\u00aa Reuni\u00f3n del Directorio [&hellip;]<\/p>\n","protected":false},"author":1,"featured_media":147076,"comment_status":"closed","ping_status":"closed","sticky":false,"template":"","format":"standard","meta":{"rop_custom_images_group":[],"rop_custom_messages_group":[],"rop_publish_now":"initial","rop_publish_now_accounts":[],"rop_publish_now_history":[],"rop_publish_now_status":"pending","footnotes":""},"categories":[5],"tags":[249,8644,189,2317],"class_list":["post-147075","post","type-post","status-publish","format-standard","has-post-thumbnail","hentry","category-actualidad-informativa","tag-caf","tag-denisse-miralles","tag-pcm","tag-presidencia-del-consejo-de-ministros"],"_links":{"self":[{"href":"https:\/\/elinformanteperu.com\/index.php\/wp-json\/wp\/v2\/posts\/147075","targetHints":{"allow":["GET"]}}],"collection":[{"href":"https:\/\/elinformanteperu.com\/index.php\/wp-json\/wp\/v2\/posts"}],"about":[{"href":"https:\/\/elinformanteperu.com\/index.php\/wp-json\/wp\/v2\/types\/post"}],"author":[{"embeddable":true,"href":"https:\/\/elinformanteperu.com\/index.php\/wp-json\/wp\/v2\/users\/1"}],"replies":[{"embeddable":true,"href":"https:\/\/elinformanteperu.com\/index.php\/wp-json\/wp\/v2\/comments?post=147075"}],"version-history":[{"count":1,"href":"https:\/\/elinformanteperu.com\/index.php\/wp-json\/wp\/v2\/posts\/147075\/revisions"}],"predecessor-version":[{"id":147077,"href":"https:\/\/elinformanteperu.com\/index.php\/wp-json\/wp\/v2\/posts\/147075\/revisions\/147077"}],"wp:featuredmedia":[{"embeddable":true,"href":"https:\/\/elinformanteperu.com\/index.php\/wp-json\/wp\/v2\/media\/147076"}],"wp:attachment":[{"href":"https:\/\/elinformanteperu.com\/index.php\/wp-json\/wp\/v2\/media?parent=147075"}],"wp:term":[{"taxonomy":"category","embeddable":true,"href":"https:\/\/elinformanteperu.com\/index.php\/wp-json\/wp\/v2\/categories?post=147075"},{"taxonomy":"post_tag","embeddable":true,"href":"https:\/\/elinformanteperu.com\/index.php\/wp-json\/wp\/v2\/tags?post=147075"}],"curies":[{"name":"wp","href":"https:\/\/api.w.org\/{rel}","templated":true}]}}