{"id":147068,"date":"2026-03-04T03:04:15","date_gmt":"2026-03-04T08:04:15","guid":{"rendered":"https:\/\/elinformanteperu.com\/?p=147068"},"modified":"2026-03-04T03:04:15","modified_gmt":"2026-03-04T08:04:15","slug":"gobierno-adopta-medidas-extraordinarias-que-garantizan-continuidad-del-servicio-energetico","status":"publish","type":"post","link":"https:\/\/elinformanteperu.com\/index.php\/2026\/03\/04\/gobierno-adopta-medidas-extraordinarias-que-garantizan-continuidad-del-servicio-energetico\/","title":{"rendered":"Gobierno adopta medidas extraordinarias que garantizan continuidad del servicio energ\u00e9tico"},"content":{"rendered":"<p><strong><span style=\"color: #000000;\">Medidas priorizan suministro al transporte p\u00fablico, servicios de salud y consumo dom\u00e9stico<\/span><\/strong><\/p>\n<p><span style=\"color: #000000;\"><strong>Lima, 3 de marzo 2026 (ANDINA).-<\/strong> El Ministerio de Energ\u00eda y Minas (Minem) indic\u00f3 hoy que el Estado implementa acciones inmediatas y coordinadas para atender la emergencia generada por la deflagraci\u00f3n registrada en el sistema de transporte de gas natural.<\/span><\/p>\n<p><span style=\"color: #000000;\">En articulaci\u00f3n con las entidades competentes y las empresas del sector energ\u00e9tico, se viene brindando el apoyo log\u00edstico necesario a la empresa Transportadora de Gas del Per\u00fa (TGP), responsable de las labores de reparaci\u00f3n en el tramo afectado.<\/span><\/p>\n<p><span style=\"color: #000000;\">A trav\u00e9s de las Fuerzas Armadas, el Estado ha puesto a disposici\u00f3n los recursos a\u00e9reos que se requieran para facilitar el traslado de personal t\u00e9cnico, maquinaria especializada y equipos hacia la zona de intervenci\u00f3n, a fin de contribuir al restablecimiento de las operaciones en el menor plazo posible.<\/span><\/p>\n<p><span style=\"color: #000000;\">Asimismo, el Ejecutivo viene trabajando en la aprobaci\u00f3n de un decreto que permitir\u00e1 a las empresas del sector industrial utilizar combustibles alternos de manera inmediata, con el objetivo de asegurar la continuidad de actividades productivas, mientras se implementa la racionalizaci\u00f3n temporal en el transporte de gas natural.<\/span><\/p>\n<p><span style=\"color: #000000;\">Las medidas de priorizaci\u00f3n del suministro permitir\u00e1n sostener la operatividad de industrias esenciales durante el periodo en que TGP culmine la reparaci\u00f3n de la aver\u00eda, priorizando en todo momento los servicios b\u00e1sicos para la poblaci\u00f3n.<\/span><\/p>\n<p><a href=\"https:\/\/elinformanteperu.com\/wp-content\/uploads\/2026\/03\/consejo-ministros-energia.webp\"><img fetchpriority=\"high\" decoding=\"async\" class=\"size-large wp-image-147070 aligncenter\" src=\"https:\/\/elinformanteperu.com\/wp-content\/uploads\/2026\/03\/consejo-ministros-energia-1024x682.webp\" alt=\"\" width=\"615\" height=\"410\" srcset=\"https:\/\/elinformanteperu.com\/wp-content\/uploads\/2026\/03\/consejo-ministros-energia-1024x682.webp 1024w, https:\/\/elinformanteperu.com\/wp-content\/uploads\/2026\/03\/consejo-ministros-energia-300x200.webp 300w, https:\/\/elinformanteperu.com\/wp-content\/uploads\/2026\/03\/consejo-ministros-energia-768x512.webp 768w, https:\/\/elinformanteperu.com\/wp-content\/uploads\/2026\/03\/consejo-ministros-energia-1536x1023.webp 1536w, https:\/\/elinformanteperu.com\/wp-content\/uploads\/2026\/03\/consejo-ministros-energia.webp 1800w\" sizes=\"(max-width: 615px) 100vw, 615px\" \/><\/a><span style=\"color: #000000;\">Por su parte, el Organismo Supervisor de la Inversi\u00f3n en Energ\u00eda y Miner\u00eda (Osinergmin) viene supervisando grifos y establecimientos de combustible, con la finalidad de garantizar el correcto abastecimiento para el transporte p\u00fablico, priorizando los servicios de salud y el consumo dom\u00e9stico.<\/span><\/p>\n<p><span style=\"color: #000000;\">No obstante, desde el Comit\u00e9 de Operaci\u00f3n Econ\u00f3mica del Sistema Interconectado Nacional (COES-SINAC), se ratific\u00f3 que el pa\u00eds cuenta con capacidad suficiente para atender la demanda de electricidad sin restricciones, y que las centrales t\u00e9rmicas duales iniciaron gestiones para reponer el stock necesario para la generaci\u00f3n de energ\u00eda.<\/span><\/p>\n<p><span style=\"color: #000000;\">Las autoridades mantienen el monitoreo permanente de la situaci\u00f3n y contin\u00faan evaluando medidas adicionales que resulten necesarias para preservar la seguridad energ\u00e9tica del pa\u00eds y evitar escenarios de desabastecimiento.<\/span><\/p>\n<p><span style=\"color: #000000;\">La reuni\u00f3n de trabajo intersectorial fue liderada por el ministro de Energ\u00eda y Minas, Angelo Alfaro Lombardi, junto al titular del Ministerio de Econom\u00eda y Finanzas, representantes de la Presidencia del Consejo de Ministros (PCM), el Organismo Supervisor de la Inversi\u00f3n en Energ\u00eda y Miner\u00eda (Osinergmin), el Comit\u00e9 de Operaci\u00f3n Econ\u00f3mica del Sistema Interconectado Nacional (COES), y las empresas Transportadora de Gas del Per\u00fa (TGP), Petroper\u00fa, C\u00e1lidda y Repsol.<\/span><\/p>\n<p><span style=\"color: #000000;\">El Gobierno reafirma su compromiso de actuar con responsabilidad, coordinaci\u00f3n y articulaci\u00f3n con el sector privado a fin de restablecer de forma inmediata la continuidad del servicio en beneficio de la poblaci\u00f3n.<\/span><\/p>\n","protected":false},"excerpt":{"rendered":"<p>Medidas priorizan suministro al transporte p\u00fablico, servicios de salud y consumo dom\u00e9stico Lima, 3 de marzo 2026 (ANDINA).- El Ministerio de Energ\u00eda y Minas (Minem) indic\u00f3 hoy que el Estado implementa acciones inmediatas y coordinadas para atender la emergencia generada por la deflagraci\u00f3n registrada en el sistema de transporte de gas natural. En articulaci\u00f3n con [&hellip;]<\/p>\n","protected":false},"author":1,"featured_media":147069,"comment_status":"closed","ping_status":"closed","sticky":false,"template":"","format":"standard","meta":{"rop_custom_images_group":[],"rop_custom_messages_group":[],"rop_publish_now":"initial","rop_publish_now_accounts":[],"rop_publish_now_history":[],"rop_publish_now_status":"pending","footnotes":""},"categories":[10],"tags":[5202,322,434,2775],"class_list":["post-147068","post","type-post","status-publish","format-standard","has-post-thumbnail","hentry","category-actualidad-municipal","tag-minem","tag-ministerio-de-energia-y-minas","tag-osinergmin","tag-tgp"],"_links":{"self":[{"href":"https:\/\/elinformanteperu.com\/index.php\/wp-json\/wp\/v2\/posts\/147068","targetHints":{"allow":["GET"]}}],"collection":[{"href":"https:\/\/elinformanteperu.com\/index.php\/wp-json\/wp\/v2\/posts"}],"about":[{"href":"https:\/\/elinformanteperu.com\/index.php\/wp-json\/wp\/v2\/types\/post"}],"author":[{"embeddable":true,"href":"https:\/\/elinformanteperu.com\/index.php\/wp-json\/wp\/v2\/users\/1"}],"replies":[{"embeddable":true,"href":"https:\/\/elinformanteperu.com\/index.php\/wp-json\/wp\/v2\/comments?post=147068"}],"version-history":[{"count":1,"href":"https:\/\/elinformanteperu.com\/index.php\/wp-json\/wp\/v2\/posts\/147068\/revisions"}],"predecessor-version":[{"id":147071,"href":"https:\/\/elinformanteperu.com\/index.php\/wp-json\/wp\/v2\/posts\/147068\/revisions\/147071"}],"wp:featuredmedia":[{"embeddable":true,"href":"https:\/\/elinformanteperu.com\/index.php\/wp-json\/wp\/v2\/media\/147069"}],"wp:attachment":[{"href":"https:\/\/elinformanteperu.com\/index.php\/wp-json\/wp\/v2\/media?parent=147068"}],"wp:term":[{"taxonomy":"category","embeddable":true,"href":"https:\/\/elinformanteperu.com\/index.php\/wp-json\/wp\/v2\/categories?post=147068"},{"taxonomy":"post_tag","embeddable":true,"href":"https:\/\/elinformanteperu.com\/index.php\/wp-json\/wp\/v2\/tags?post=147068"}],"curies":[{"name":"wp","href":"https:\/\/api.w.org\/{rel}","templated":true}]}}