{"id":147054,"date":"2026-03-04T02:43:49","date_gmt":"2026-03-04T07:43:49","guid":{"rendered":"https:\/\/elinformanteperu.com\/?p=147054"},"modified":"2026-03-04T02:43:49","modified_gmt":"2026-03-04T07:43:49","slug":"climatizacion-eficiente-en-tiempos-de-calor-extremo-cinco-claves-para-pagar-menos-y-cuidar-el-ambiente","status":"publish","type":"post","link":"https:\/\/elinformanteperu.com\/index.php\/2026\/03\/04\/climatizacion-eficiente-en-tiempos-de-calor-extremo-cinco-claves-para-pagar-menos-y-cuidar-el-ambiente\/","title":{"rendered":"Climatizaci\u00f3n eficiente en tiempos de calor extremo: cinco claves para pagar menos y cuidar el ambiente"},"content":{"rendered":"<p><strong><span style=\"color: #000000;\">\u25cf Con Lima alcanzando 34.5 \u00b0C, la temperatura m\u00e1s alta desde 1998, peque\u00f1os ajustes en el uso del aire acondicionado pueden generar ahorros de hasta 30% en el consumo energ\u00e9tico.<\/span><\/strong><\/p>\n<p><span style=\"color: #000000;\"><strong>Lima, 3 de marzo 2026 (El Informante Per\u00fa).-<\/strong> El martes 24 de febrero, Lima registr\u00f3 34.5 \u00b0C, la temperatura m\u00e1s alta en 28 a\u00f1os seg\u00fan el Senamhi. Durante la madrugada, zonas como Carabayllo alcanzaron 27 \u00b0C, dificultando el descanso de miles de lime\u00f1os. Ante este escenario de calor extremo que continuar\u00e1 en los pr\u00f3ximos d\u00edas, el aire acondicionado se convierte en un aliado indispensable, pero su uso inadecuado puede disparar el consumo el\u00e9ctrico y acortar la vida \u00fatil de los equipos.<\/span><\/p>\n<p><span style=\"color: #000000;\">La buena noticia es que aplicar pr\u00e1cticas sencillas de climatizaci\u00f3n eficiente permite reducir costos, mejorar el confort y disminuir el impacto ambiental al mismo tiempo. Expertos en servicios multit\u00e9cnicos y gesti\u00f3n de sistemas de climatizaci\u00f3n a nivel global, comparte cinco claves pr\u00e1cticas para afrontar esta ola de calor:<\/span><\/p>\n<p><span style=\"color: #000000;\"><strong>1. La temperatura ideal: entre 24\u00b0C y 26\u00b0C.<\/strong> Organismos internacionales como el departamento de Energ\u00eda de Estados Unidos y la Agencia Internacional de la Energ\u00eda recomiendan mantener el aire acondicionado entre 24\u00b0C y 26\u00b0C. Cada grado por debajo de este rango aumenta el consumo energ\u00e9tico entre 7% y 10%. En d\u00edas de calor extremo como los actuales, mantener 25\u00b0C en lugar de 20\u00b0C puede significar ahorros de hasta 30% en la factura el\u00e9ctrica, sin sacrificar el confort.<\/span><\/p>\n<p><span style=\"color: #000000;\"><strong>2. Limpieza de filtros:<\/strong> el ahorro empieza por el aire. Los filtros sucios obligan al equipo a trabajar m\u00e1s para enfriar el ambiente, aumentando el consumo hasta en 15%. Limpiarlos o cambiarlos al menos una vez al mes en temporadas de uso intensivo mejora la calidad del aire, reduce el gasto el\u00e9ctrico y previene problemas respiratorios.<\/span><\/p>\n<p><span style=\"color: #000000;\"><strong>3. Mantenimiento preventivo de los equipos.<\/strong> Revisar peri\u00f3dicamente el sistema de climatizaci\u00f3n permite detectar fugas, fallas el\u00e9ctricas o desgaste de componentes antes de que se conviertan en problemas mayores. Un mantenimiento adecuado puede extender la vida \u00fatil del equipo hasta 40% y reducir costos operativos significativamente. La gesti\u00f3n t\u00e9cnica profesional optimiza temperatura, humedad y calidad del aire con menor consumo energ\u00e9tico.<\/span><\/p>\n<p><span style=\"color: #000000;\"><strong>4. Evitar choques t\u00e9rmicos perjudiciales.<\/strong> La diferencia entre la temperatura exterior y la interior no debe superar los 8\u00b0C a 10\u00b0C. Con temperaturas exteriores de 34\u00b0C, configurar el aire en 18\u00b0C no solo dispara el consumo, sino que provoca problemas de salud como deshidrataci\u00f3n, dolor de cabeza, sequedad de ojos y contracturas musculares.<\/span><\/p>\n<p><span style=\"color: #000000;\"><strong>5. H\u00e1bitos inteligentes que generan ahorro sostenido.<\/strong> Cerrar puertas y ventanas, usar cortinas para bloquear el sol directo, apagar el aire acondicionado en ambientes vac\u00edos, utilizar el modo ECO y complementar con ventiladores son acciones simples que reducen la carga del sistema. Encender el equipo temprano en la ma\u00f1ana (antes de que el calor sea extremo) es m\u00e1s eficiente que hacerlo funcionar al m\u00e1ximo cuando la casa ya est\u00e1 caliente.<\/span><\/p>\n<p><span style=\"color: #000000;\">La climatizaci\u00f3n eficiente no requiere grandes inversiones, sino decisiones informadas. En un contexto de calor hist\u00f3rico como el que est\u00e1 atravesando nuestro pa\u00eds, dise\u00f1ar, operar y mantener correctamente los sistemas de aire acondicionado permite reducir costos, disminuir emisiones de carbono y mejorar el bienestar de las personas, demostrando que el confort y la eficiencia energ\u00e9tica pueden ir de la mano.<\/span><\/p>\n","protected":false},"excerpt":{"rendered":"<p>\u25cf Con Lima alcanzando 34.5 \u00b0C, la temperatura m\u00e1s alta desde 1998, peque\u00f1os ajustes en el uso del aire acondicionado pueden generar ahorros de hasta 30% en el consumo energ\u00e9tico. Lima, 3 de marzo 2026 (El Informante Per\u00fa).- El martes 24 de febrero, Lima registr\u00f3 34.5 \u00b0C, la temperatura m\u00e1s alta en 28 a\u00f1os seg\u00fan [&hellip;]<\/p>\n","protected":false},"author":1,"featured_media":147056,"comment_status":"closed","ping_status":"closed","sticky":false,"template":"","format":"standard","meta":{"rop_custom_images_group":[],"rop_custom_messages_group":[],"rop_publish_now":"initial","rop_publish_now_accounts":[],"rop_publish_now_history":[],"rop_publish_now_status":"pending","footnotes":""},"categories":[10],"tags":[8761,7636],"class_list":["post-147054","post","type-post","status-publish","format-standard","has-post-thumbnail","hentry","category-actualidad-municipal","tag-equans-peru","tag-equifax"],"_links":{"self":[{"href":"https:\/\/elinformanteperu.com\/index.php\/wp-json\/wp\/v2\/posts\/147054","targetHints":{"allow":["GET"]}}],"collection":[{"href":"https:\/\/elinformanteperu.com\/index.php\/wp-json\/wp\/v2\/posts"}],"about":[{"href":"https:\/\/elinformanteperu.com\/index.php\/wp-json\/wp\/v2\/types\/post"}],"author":[{"embeddable":true,"href":"https:\/\/elinformanteperu.com\/index.php\/wp-json\/wp\/v2\/users\/1"}],"replies":[{"embeddable":true,"href":"https:\/\/elinformanteperu.com\/index.php\/wp-json\/wp\/v2\/comments?post=147054"}],"version-history":[{"count":1,"href":"https:\/\/elinformanteperu.com\/index.php\/wp-json\/wp\/v2\/posts\/147054\/revisions"}],"predecessor-version":[{"id":147057,"href":"https:\/\/elinformanteperu.com\/index.php\/wp-json\/wp\/v2\/posts\/147054\/revisions\/147057"}],"wp:featuredmedia":[{"embeddable":true,"href":"https:\/\/elinformanteperu.com\/index.php\/wp-json\/wp\/v2\/media\/147056"}],"wp:attachment":[{"href":"https:\/\/elinformanteperu.com\/index.php\/wp-json\/wp\/v2\/media?parent=147054"}],"wp:term":[{"taxonomy":"category","embeddable":true,"href":"https:\/\/elinformanteperu.com\/index.php\/wp-json\/wp\/v2\/categories?post=147054"},{"taxonomy":"post_tag","embeddable":true,"href":"https:\/\/elinformanteperu.com\/index.php\/wp-json\/wp\/v2\/tags?post=147054"}],"curies":[{"name":"wp","href":"https:\/\/api.w.org\/{rel}","templated":true}]}}