{"id":147047,"date":"2026-03-04T01:46:58","date_gmt":"2026-03-04T06:46:58","guid":{"rendered":"https:\/\/elinformanteperu.com\/?p=147047"},"modified":"2026-03-04T01:46:58","modified_gmt":"2026-03-04T06:46:58","slug":"noche-de-creadoras-con-programacion-especial-por-aniversario","status":"publish","type":"post","link":"https:\/\/elinformanteperu.com\/index.php\/2026\/03\/04\/noche-de-creadoras-con-programacion-especial-por-aniversario\/","title":{"rendered":"Noche de Creadoras con programaci\u00f3n especial por aniversario"},"content":{"rendered":"<p><strong><span style=\"color: #000000;\">\u25cf El p\u00fablico podr\u00e1 disfrutar de obras breves con diversas po\u00e9ticas y est\u00e9ticas de la dramaturgia contempor\u00e1nea. Tres a\u00f1os creando escena, comunidad y nuevas<\/span><\/strong><\/p>\n<p><span style=\"color: #000000;\"><strong>Lima, 3 de marzo 2026 (El Informante Per\u00fa).-<\/strong> \u00abNoche de Creadoras\u00bb celebra su tercer aniversario en marzo con una programaci\u00f3n especial que reafirma su lugar como uno de los espacios culturales m\u00e1s vibrantes de la ciudad: una plataforma que visibiliza el talento de artistas emergentes desde la diversidad de lenguajes esc\u00e9nicos. Todos los mi\u00e9rcoles a las 8 p.m., Casa Bulbo se convierte en un punto de encuentro para experiencias vivas, multidisciplinarias y en constante movimiento.<\/span><\/p>\n<p><span style=\"color: #000000;\">Impulsada por la directora y gestora Jennifer Aguirre Woytkowski, esta iniciativa nace del proyecto Las Creadoras, que desde 2022 fortalece la circulaci\u00f3n y profesionalizaci\u00f3n del talento femenino en las artes esc\u00e9nicas del pa\u00eds.<\/span><\/p>\n<p><span style=\"color: #000000;\">En su programaci\u00f3n de aniversario, cada obra es una invitaci\u00f3n a descubrir nuevas sensibilidades \u0443 narrativas contempor\u00e1neas.<\/span><\/p>\n<p><span style=\"color: #000000;\">La programaci\u00f3n de este mes de marzo trae cuatro obras cortas de teatro y un concierto. El p\u00fablico podr\u00e1 participar de un recorrido por puestas en escena en formato de microcontenido, con piezas breves que abordan distintos temas y propuestas creativas dirigidas a un p\u00fablico que busca una alternativa cultural contempor\u00e1nea y con identidad.<\/span><\/p>\n<p><strong><span style=\"color: #000000;\">ENCUENTROS DE ARTE PARA LOS MI\u00c9RCOLES<\/span><\/strong><\/p>\n<p><a href=\"https:\/\/elinformanteperu.com\/wp-content\/uploads\/2026\/03\/mi-madre-y-el-mar.jpg\"><img fetchpriority=\"high\" decoding=\"async\" class=\" wp-image-147049 aligncenter\" src=\"https:\/\/elinformanteperu.com\/wp-content\/uploads\/2026\/03\/mi-madre-y-el-mar-819x1024.jpg\" alt=\"\" width=\"411\" height=\"514\" srcset=\"https:\/\/elinformanteperu.com\/wp-content\/uploads\/2026\/03\/mi-madre-y-el-mar-819x1024.jpg 819w, https:\/\/elinformanteperu.com\/wp-content\/uploads\/2026\/03\/mi-madre-y-el-mar-240x300.jpg 240w, https:\/\/elinformanteperu.com\/wp-content\/uploads\/2026\/03\/mi-madre-y-el-mar-768x960.jpg 768w, https:\/\/elinformanteperu.com\/wp-content\/uploads\/2026\/03\/mi-madre-y-el-mar.jpg 1024w\" sizes=\"(max-width: 411px) 100vw, 411px\" \/><\/a><span style=\"color: #000000;\"><strong>MI MADRE Y EL MAR,<\/strong> Una obra de autoficci\u00f3n sobre memoria, origen y distancia: la historia de una madre que siempre quiso irse y una hija que decide buscarla en el mar. Un viaje \u00edntimo sobre identidad, herencia y distancia: lo que odiamos, lo que amamos y aquello de lo que nunca terminamos de irnos. Escrita y dirigida por Jen Aguirre Woytkowski con Direcci\u00f3n y producci\u00f3n audiovisual: Alexa Castro. Int\u00e9rprete: Mar Balarezo. Asistencia de direcci\u00f3n: Mar\u00eda Rubio.<\/span><\/p>\n<p><a href=\"https:\/\/elinformanteperu.com\/wp-content\/uploads\/2026\/03\/Loco-Por-Sharon.jpg\"><img decoding=\"async\" class=\" wp-image-147050 aligncenter\" src=\"https:\/\/elinformanteperu.com\/wp-content\/uploads\/2026\/03\/Loco-Por-Sharon-819x1024.jpg\" alt=\"\" width=\"409\" height=\"511\" srcset=\"https:\/\/elinformanteperu.com\/wp-content\/uploads\/2026\/03\/Loco-Por-Sharon-819x1024.jpg 819w, https:\/\/elinformanteperu.com\/wp-content\/uploads\/2026\/03\/Loco-Por-Sharon-240x300.jpg 240w, https:\/\/elinformanteperu.com\/wp-content\/uploads\/2026\/03\/Loco-Por-Sharon-768x960.jpg 768w, https:\/\/elinformanteperu.com\/wp-content\/uploads\/2026\/03\/Loco-Por-Sharon.jpg 1024w\" sizes=\"(max-width: 409px) 100vw, 409px\" \/><\/a><strong><span style=\"color: #000000;\">LOCO POR SHARON,\u00a0<\/span><\/strong><span style=\"color: #000000;\">Una estudiante de actuaci\u00f3n es seleccionada para el casting de una pel\u00edcula, sin imaginar que el director est\u00e1 obsesionado con Sharon Stone. Un thriller psicol\u00f3gico sobre la manipulaci\u00f3n y el abuso de poder. Escrito y dirigido por Herberth Corimanya con Lia Camilo y Claudio Calmet.<\/span><\/p>\n<p><a href=\"https:\/\/elinformanteperu.com\/wp-content\/uploads\/2026\/03\/la-pared.jpg\"><img decoding=\"async\" class=\" wp-image-147051 aligncenter\" src=\"https:\/\/elinformanteperu.com\/wp-content\/uploads\/2026\/03\/la-pared-819x1024.jpg\" alt=\"\" width=\"404\" height=\"505\" srcset=\"https:\/\/elinformanteperu.com\/wp-content\/uploads\/2026\/03\/la-pared-819x1024.jpg 819w, https:\/\/elinformanteperu.com\/wp-content\/uploads\/2026\/03\/la-pared-240x300.jpg 240w, https:\/\/elinformanteperu.com\/wp-content\/uploads\/2026\/03\/la-pared-768x960.jpg 768w, https:\/\/elinformanteperu.com\/wp-content\/uploads\/2026\/03\/la-pared.jpg 1024w\" sizes=\"(max-width: 404px) 100vw, 404px\" \/><\/a><strong><span style=\"color: #000000;\">LA PARED,\u00a0<\/span><\/strong><span style=\"color: #000000;\">Una comedia existencial.\u00a0<\/span><span style=\"color: #000000;\">Dos amigas se encuentran en una galer\u00eda de arte discutiendo sobre el origen de una imagen. R\u00e1pidamente, ambas se dan cuenta que esa discusi\u00f3n tendr\u00e1 consecuencias mucho m\u00e1s grandes en sus vidas de lo que jam\u00e1s pudieron imaginar.<\/span><\/p>\n<p><span style=\"color: #000000;\">Escrita y dirigida por Daniel Riglos con Anai Padilla y Lia Camilo.<\/span><\/p>\n<p><a href=\"https:\/\/elinformanteperu.com\/wp-content\/uploads\/2026\/03\/escuchamos-y-no-juzgamos.jpg\"><img loading=\"lazy\" decoding=\"async\" class=\" wp-image-147052 aligncenter\" src=\"https:\/\/elinformanteperu.com\/wp-content\/uploads\/2026\/03\/escuchamos-y-no-juzgamos-819x1024.jpg\" alt=\"\" width=\"430\" height=\"537\" srcset=\"https:\/\/elinformanteperu.com\/wp-content\/uploads\/2026\/03\/escuchamos-y-no-juzgamos-819x1024.jpg 819w, https:\/\/elinformanteperu.com\/wp-content\/uploads\/2026\/03\/escuchamos-y-no-juzgamos-240x300.jpg 240w, https:\/\/elinformanteperu.com\/wp-content\/uploads\/2026\/03\/escuchamos-y-no-juzgamos-768x960.jpg 768w, https:\/\/elinformanteperu.com\/wp-content\/uploads\/2026\/03\/escuchamos-y-no-juzgamos.jpg 1024w\" sizes=\"(max-width: 430px) 100vw, 430px\" \/><\/a><span style=\"color: #000000;\"><strong>ESCUCHAMOS PERO NO JUZGAMOS<\/strong> explora la amistad puesta al l\u00edmite. Cuatro amigos con personalidades muy distintas se re\u00fanen despu\u00e9s de una marcha para relajarse y despejar la tensi\u00f3n del d\u00eda. Lo que inicia como un juego cotidiano, atravesado por bromas y complicidades, se transforma en un espacio de confesiones inesperadas que revelan culpas, heridas y la verdadera intenci\u00f3n de uno de los amigos.<\/span><\/p>\n<p><span style=\"color: #000000;\">Escrita y dirigida por Alberick Garc\u00eda, con Ruth Barba, Catalina Santill\u00e1n, Ray Apaza y Ruth Ram\u00edrez<\/span><\/p>\n<p><strong><span style=\"color: #000000;\">ACERCA DE LAS CREADORAS<\/span><\/strong><\/p>\n<p><span style=\"color: #000000;\">Jennifer Aguirre Woytkowski, es la directora art\u00edstica y gestora de esta original propuesta cultural. Se form\u00f3 en Direcci\u00f3n de Espect\u00e1culos en la Universidad de Palermo (Buenos Aires), donde tambi\u00e9n se especializ\u00f3 en Pedagog\u00eda de la Comunicaci\u00f3n. Residi\u00f3 por m\u00e1s de una d\u00e9cada en dicha ciudad, desarrollando su carrera en los principales circuitos esc\u00e9nicos \u2014off, comercial y oficial\u2014, experiencia que consolid\u00f3 una pr\u00e1ctica profesional s\u00f3lida tanto en el \u00e1mbito creativo como en el de la producci\u00f3n y la gesti\u00f3n cultural.<\/span><\/p>\n<p><span style=\"color: #000000;\">Desde 2022, Jennifer Aguirre reside en Lima, donde fund\u00f3 Las Creadoras, consolidando una plataforma activa para la circulaci\u00f3n y profesionalizaci\u00f3n de proyectos esc\u00e9nicos, impulsando la promoci\u00f3n, desarrollo y visibilizaci\u00f3n del talento femenino en las artes esc\u00e9nicas. En Lima ha dirigido obras como Jaur\u00eda de Jordi Casanovas, Play off de Marta Buchaca y Ser\u00eda una pena que se marchitaran las plantas de Ivor Martinic, proyectos reconocidos por su enfoque contempor\u00e1neo y su sensibilidad en el abordaje de tem\u00e1ticas humanas y sociales.<\/span><\/p>\n<p><span style=\"color: #000000;\">El recorrido completo de todas las obras de Noche de Creadoras tiene un costo de 50 soles. Las entradas para cada obra son de 30 soles y para el concierto de Giuliana Muente es de 40 soles. Se pueden adquirir por el WhatsApp 951046762 o por https:\/\/linktr.ee\/casabulbo.<\/span><\/p>\n","protected":false},"excerpt":{"rendered":"<p>\u25cf El p\u00fablico podr\u00e1 disfrutar de obras breves con diversas po\u00e9ticas y est\u00e9ticas de la dramaturgia contempor\u00e1nea. Tres a\u00f1os creando escena, comunidad y nuevas Lima, 3 de marzo 2026 (El Informante Per\u00fa).- \u00abNoche de Creadoras\u00bb celebra su tercer aniversario en marzo con una programaci\u00f3n especial que reafirma su lugar como uno de los espacios culturales [&hellip;]<\/p>\n","protected":false},"author":1,"featured_media":147048,"comment_status":"closed","ping_status":"closed","sticky":false,"template":"","format":"standard","meta":{"rop_custom_images_group":[],"rop_custom_messages_group":[],"rop_publish_now":"initial","rop_publish_now_accounts":[],"rop_publish_now_history":[],"rop_publish_now_status":"pending","footnotes":""},"categories":[70],"tags":[],"class_list":["post-147047","post","type-post","status-publish","format-standard","has-post-thumbnail","hentry","category-farandula"],"_links":{"self":[{"href":"https:\/\/elinformanteperu.com\/index.php\/wp-json\/wp\/v2\/posts\/147047","targetHints":{"allow":["GET"]}}],"collection":[{"href":"https:\/\/elinformanteperu.com\/index.php\/wp-json\/wp\/v2\/posts"}],"about":[{"href":"https:\/\/elinformanteperu.com\/index.php\/wp-json\/wp\/v2\/types\/post"}],"author":[{"embeddable":true,"href":"https:\/\/elinformanteperu.com\/index.php\/wp-json\/wp\/v2\/users\/1"}],"replies":[{"embeddable":true,"href":"https:\/\/elinformanteperu.com\/index.php\/wp-json\/wp\/v2\/comments?post=147047"}],"version-history":[{"count":1,"href":"https:\/\/elinformanteperu.com\/index.php\/wp-json\/wp\/v2\/posts\/147047\/revisions"}],"predecessor-version":[{"id":147053,"href":"https:\/\/elinformanteperu.com\/index.php\/wp-json\/wp\/v2\/posts\/147047\/revisions\/147053"}],"wp:featuredmedia":[{"embeddable":true,"href":"https:\/\/elinformanteperu.com\/index.php\/wp-json\/wp\/v2\/media\/147048"}],"wp:attachment":[{"href":"https:\/\/elinformanteperu.com\/index.php\/wp-json\/wp\/v2\/media?parent=147047"}],"wp:term":[{"taxonomy":"category","embeddable":true,"href":"https:\/\/elinformanteperu.com\/index.php\/wp-json\/wp\/v2\/categories?post=147047"},{"taxonomy":"post_tag","embeddable":true,"href":"https:\/\/elinformanteperu.com\/index.php\/wp-json\/wp\/v2\/tags?post=147047"}],"curies":[{"name":"wp","href":"https:\/\/api.w.org\/{rel}","templated":true}]}}