{"id":146995,"date":"2026-03-04T00:09:46","date_gmt":"2026-03-04T05:09:46","guid":{"rendered":"https:\/\/elinformanteperu.com\/?p=146995"},"modified":"2026-03-04T00:09:46","modified_gmt":"2026-03-04T05:09:46","slug":"carretera-central-se-eleva-a-11-las-victimas-mortales-por-tragico-accidente-en-san-mateo","status":"publish","type":"post","link":"https:\/\/elinformanteperu.com\/index.php\/2026\/03\/04\/carretera-central-se-eleva-a-11-las-victimas-mortales-por-tragico-accidente-en-san-mateo\/","title":{"rendered":"Carretera Central: se eleva a 11 las v\u00edctimas mortales por tr\u00e1gico accidente en San Mateo"},"content":{"rendered":"<p><span style=\"color: #000000;\"><strong>San Mateo, 3 de marzo 2026 (ANDINA).-<\/strong> A once se eleva el n\u00famero de v\u00edctimas mortales que deja el tr\u00e1gico accidente registrado cerca del mediod\u00eda del lunes 2 de marzo en el kil\u00f3metro 97+700 de la Carretera Central, a la altura del sector El Infiernillo, en el distrito de San Mateo de Huanchor, provincia lime\u00f1a de Huarochir\u00ed.<\/span><\/p>\n<p><span style=\"color: #000000;\">Esta ma\u00f1ana se reanudaron las labores de b\u00fasqueda de cuerpos de los pasajeros que viajaban en la miniv\u00e1n que colision\u00f3 contra una camioneta antes de precipitarse al r\u00edo R\u00edmac. La miniv\u00e1n cubr\u00eda la ruta Pasco &#8211; Lima y el segundo veh\u00edculo se dirig\u00eda desde Huayc\u00e1n a la sierra central.<\/span><\/p>\n<p><a href=\"https:\/\/elinformanteperu.com\/wp-content\/uploads\/2026\/03\/accidente-san-mateo.webp\"><img fetchpriority=\"high\" decoding=\"async\" class=\"size-large wp-image-146997 aligncenter\" src=\"https:\/\/elinformanteperu.com\/wp-content\/uploads\/2026\/03\/accidente-san-mateo-1024x819.webp\" alt=\"\" width=\"615\" height=\"492\" srcset=\"https:\/\/elinformanteperu.com\/wp-content\/uploads\/2026\/03\/accidente-san-mateo-1024x819.webp 1024w, https:\/\/elinformanteperu.com\/wp-content\/uploads\/2026\/03\/accidente-san-mateo-300x240.webp 300w, https:\/\/elinformanteperu.com\/wp-content\/uploads\/2026\/03\/accidente-san-mateo-768x614.webp 768w, https:\/\/elinformanteperu.com\/wp-content\/uploads\/2026\/03\/accidente-san-mateo-1536x1229.webp 1536w, https:\/\/elinformanteperu.com\/wp-content\/uploads\/2026\/03\/accidente-san-mateo-200x160.webp 200w, https:\/\/elinformanteperu.com\/wp-content\/uploads\/2026\/03\/accidente-san-mateo.webp 1800w\" sizes=\"(max-width: 615px) 100vw, 615px\" \/><\/a><span style=\"color: #000000;\">Seg\u00fan informaci\u00f3n corroborada, la miniv\u00e1n pertenec\u00eda a la empresa de transportes Se\u00f1or de \u00c1ncara y hab\u00eda partido del distrito de Paucartambo Pasco, con destino a Lima. Era conducida por Jes\u00fas Curimania C\u00f3rdor, quien figura entre las v\u00edctimas, \u00aben el trayecto abordaron pasajeros en Carhuamayo y en la provincia de Jun\u00edn, por lo que se presume que m\u00e1s de veinte personas viajaban en la unidad al momento del accidente, informaron las fuentes.<\/span><\/p>\n<p><span style=\"color: #000000;\">Seg\u00fan los familiares, entre las v\u00edctimas de este fat\u00eddico accidente figuran: Soledad Capcha Panduro y su hija Adriana Le\u00f3n Capcha, madre e hija naturales de Paucartambo, as\u00ed como Mar\u00eda Le\u00f3n Rodrigues, Juan Carlos Santiago Le\u00f3n, Alejandro Trinidad Castro y Judith Reyes Barrios, entre otros, adem\u00e1s de tres ocupantes de la camioneta cerrada que tambi\u00e9n perdieron la vida y otros cuerpos que permanecen en calidad de NN mientras contin\u00faan las diligencias de identificaci\u00f3n.<\/span><\/p>\n<p><a href=\"https:\/\/elinformanteperu.com\/wp-content\/uploads\/2026\/03\/accidente-san-mateo3.webp\"><img decoding=\"async\" class=\"size-full wp-image-146998 aligncenter\" src=\"https:\/\/elinformanteperu.com\/wp-content\/uploads\/2026\/03\/accidente-san-mateo3.webp\" alt=\"\" width=\"495\" height=\"500\" srcset=\"https:\/\/elinformanteperu.com\/wp-content\/uploads\/2026\/03\/accidente-san-mateo3.webp 495w, https:\/\/elinformanteperu.com\/wp-content\/uploads\/2026\/03\/accidente-san-mateo3-297x300.webp 297w, https:\/\/elinformanteperu.com\/wp-content\/uploads\/2026\/03\/accidente-san-mateo3-60x60.webp 60w, https:\/\/elinformanteperu.com\/wp-content\/uploads\/2026\/03\/accidente-san-mateo3-50x50.webp 50w\" sizes=\"(max-width: 495px) 100vw, 495px\" \/><\/a><span style=\"color: #000000;\">Personal de la Polic\u00eda de Rescate, bomberos, agentes de comisar\u00edas cercanas y serenos trabajaron arduamente en la zona, con apoyo de maquinaria pesada, la miniv\u00e1n fue retirado de las profundidades del R\u00edo R\u00edmac, donde varios cuerpos se encontraban atrapados y sumergidos. Hasta el momento se han recuperado diez cad\u00e1veres, aunque se inform\u00f3 que otros permanecer\u00edan bajo el agua y entre las piedras.<\/span><\/p>\n<p><span style=\"color: #000000;\">Para la recuperaci\u00f3n de los cuerpos, el personal especializado utiliz\u00f3 arneses y sogas, e incluso tuvo que sumergirse en las aguas para poder retirarlos. El factor climatol\u00f3gico y la crecida del r\u00edo dificultaron considerablemente las labores, obligando a redoblar esfuerzos para trasladar los cuerpos hasta la pista, con presencia del Ministerio P\u00fablico para las diligencias de ley y posterior traslado a la morgue m\u00e1s cercana.<\/span><\/p>\n<p><span style=\"color: #000000;\">Las unidades siniestradas, tanto la camioneta como la miniv\u00e1n, tambi\u00e9n fueron retiradas del lugar. De manera extraoficial se habla de un presunto triple choque; sin embargo, hasta el momento no se tiene informaci\u00f3n confirmada sobre un tercer veh\u00edculo involucrado.<\/span><\/p>\n<p><a href=\"https:\/\/elinformanteperu.com\/wp-content\/uploads\/2026\/03\/accidente-san-mateo2.webp\"><img decoding=\"async\" class=\"size-full wp-image-146999 aligncenter\" src=\"https:\/\/elinformanteperu.com\/wp-content\/uploads\/2026\/03\/accidente-san-mateo2.webp\" alt=\"\" width=\"500\" height=\"281\" srcset=\"https:\/\/elinformanteperu.com\/wp-content\/uploads\/2026\/03\/accidente-san-mateo2.webp 500w, https:\/\/elinformanteperu.com\/wp-content\/uploads\/2026\/03\/accidente-san-mateo2-300x169.webp 300w\" sizes=\"(max-width: 500px) 100vw, 500px\" \/><\/a><\/p>\n","protected":false},"excerpt":{"rendered":"<p>San Mateo, 3 de marzo 2026 (ANDINA).- A once se eleva el n\u00famero de v\u00edctimas mortales que deja el tr\u00e1gico accidente registrado cerca del mediod\u00eda del lunes 2 de marzo en el kil\u00f3metro 97+700 de la Carretera Central, a la altura del sector El Infiernillo, en el distrito de San Mateo de Huanchor, provincia lime\u00f1a [&hellip;]<\/p>\n","protected":false},"author":1,"featured_media":146996,"comment_status":"closed","ping_status":"closed","sticky":false,"template":"","format":"standard","meta":{"rop_custom_images_group":[],"rop_custom_messages_group":[],"rop_publish_now":"initial","rop_publish_now_accounts":[],"rop_publish_now_history":[],"rop_publish_now_status":"pending","footnotes":""},"categories":[10],"tags":[4232,370,7951],"class_list":["post-146995","post","type-post","status-publish","format-standard","has-post-thumbnail","hentry","category-actualidad-municipal","tag-huarochiri","tag-ministerio-publico","tag-san-mateo"],"_links":{"self":[{"href":"https:\/\/elinformanteperu.com\/index.php\/wp-json\/wp\/v2\/posts\/146995","targetHints":{"allow":["GET"]}}],"collection":[{"href":"https:\/\/elinformanteperu.com\/index.php\/wp-json\/wp\/v2\/posts"}],"about":[{"href":"https:\/\/elinformanteperu.com\/index.php\/wp-json\/wp\/v2\/types\/post"}],"author":[{"embeddable":true,"href":"https:\/\/elinformanteperu.com\/index.php\/wp-json\/wp\/v2\/users\/1"}],"replies":[{"embeddable":true,"href":"https:\/\/elinformanteperu.com\/index.php\/wp-json\/wp\/v2\/comments?post=146995"}],"version-history":[{"count":1,"href":"https:\/\/elinformanteperu.com\/index.php\/wp-json\/wp\/v2\/posts\/146995\/revisions"}],"predecessor-version":[{"id":147000,"href":"https:\/\/elinformanteperu.com\/index.php\/wp-json\/wp\/v2\/posts\/146995\/revisions\/147000"}],"wp:featuredmedia":[{"embeddable":true,"href":"https:\/\/elinformanteperu.com\/index.php\/wp-json\/wp\/v2\/media\/146996"}],"wp:attachment":[{"href":"https:\/\/elinformanteperu.com\/index.php\/wp-json\/wp\/v2\/media?parent=146995"}],"wp:term":[{"taxonomy":"category","embeddable":true,"href":"https:\/\/elinformanteperu.com\/index.php\/wp-json\/wp\/v2\/categories?post=146995"},{"taxonomy":"post_tag","embeddable":true,"href":"https:\/\/elinformanteperu.com\/index.php\/wp-json\/wp\/v2\/tags?post=146995"}],"curies":[{"name":"wp","href":"https:\/\/api.w.org\/{rel}","templated":true}]}}