{"id":146991,"date":"2026-03-04T00:04:38","date_gmt":"2026-03-04T05:04:38","guid":{"rendered":"https:\/\/elinformanteperu.com\/?p=146991"},"modified":"2026-03-04T00:04:38","modified_gmt":"2026-03-04T05:04:38","slug":"san-martin-sistema-electrico-bellavista-juanjui-esta-en-situacion-de-grave-deficiencia","status":"publish","type":"post","link":"https:\/\/elinformanteperu.com\/index.php\/2026\/03\/04\/san-martin-sistema-electrico-bellavista-juanjui-esta-en-situacion-de-grave-deficiencia\/","title":{"rendered":"San Mart\u00edn: Sistema El\u00e9ctrico Bellavista\u2013Juanju\u00ed est\u00e1 en situaci\u00f3n de grave deficiencia"},"content":{"rendered":"<p><strong><span style=\"color: #000000;\">Ministerio de Energ\u00eda y Minas emite medida que se prolongar\u00e1 hasta que est\u00e9 lista nueva subestaci\u00f3n<\/span><\/strong><\/p>\n<p><span style=\"color: #000000;\"><strong>Lima, 3 de marzo 2026 (ANDINA).-<\/strong> El servicio el\u00e9ctrico del sistema el\u00e9ctrico Bellavista-Juanju\u00ed, situado en el departamento de San Mart\u00edn, fue declarado en situaci\u00f3n de grave deficiencia por el Ministerio de Energ\u00eda y Minas (Minem).<\/span><\/p>\n<p><span style=\"color: #000000;\">Esta disposici\u00f3n se dio a trav\u00e9s de la resoluci\u00f3n ministerial 083-2026-MINEM\/DM, publicada en la secci\u00f3n de normas legales del Diario Oficial El Peruano en su edici\u00f3n de hoy.<\/span><\/p>\n<p><span style=\"color: #000000;\">Se se\u00f1ala que la medida se da debido a la falta de capacidad de transmisi\u00f3n de energ\u00eda el\u00e9ctrica hasta la puesta en servicio de la subestaci\u00f3n Picota, integrante del sistema el\u00e9ctrico Bellavista \u2013 Juanju\u00ed. Se prev\u00e9 que esta declaraci\u00f3n se prolongue como m\u00e1ximo hasta el 30 de setiembre del a\u00f1o 2027.<\/span><\/p>\n<p><span style=\"color: #000000;\">En el decreto se establece que \u201cla magnitud de la capacidad adicional de transmisi\u00f3n requerida para asegurar el abastecimiento oportuno del suministro de energ\u00eda el\u00e9ctrica en el sistema el\u00e9ctrico Bellavista\u2013Juanju\u00ed es de hasta catorce megavoltiamperios (MVA)\u201d.<\/span><\/p>\n<p><span style=\"color: #000000;\">Esta se implementar\u00e1 mediante el traslado de dos transformadores de siete MVA. Estos se instalar\u00e1n en la Subestaci\u00f3n El\u00e9ctrica Nueva Ja\u00e9n, yendo hacia las subestaciones Bellavista y Juanju\u00ed.<\/span><\/p>\n<p><a href=\"https:\/\/elinformanteperu.com\/wp-content\/uploads\/2026\/03\/Sistema-Electrico-Bellavista\u2013Juanjui-1.webp\"><img fetchpriority=\"high\" decoding=\"async\" class=\"size-full wp-image-146993 aligncenter\" src=\"https:\/\/elinformanteperu.com\/wp-content\/uploads\/2026\/03\/Sistema-Electrico-Bellavista\u2013Juanjui-1.webp\" alt=\"\" width=\"500\" height=\"281\" srcset=\"https:\/\/elinformanteperu.com\/wp-content\/uploads\/2026\/03\/Sistema-Electrico-Bellavista\u2013Juanjui-1.webp 500w, https:\/\/elinformanteperu.com\/wp-content\/uploads\/2026\/03\/Sistema-Electrico-Bellavista\u2013Juanjui-1-300x169.webp 300w\" sizes=\"(max-width: 500px) 100vw, 500px\" \/><\/a><strong><span style=\"color: #000000;\">Informes de situaci\u00f3n<\/span><\/strong><\/p>\n<p><span style=\"color: #000000;\">El Ministerio de Energ\u00eda y Minas dispuso que la empresa Electro Oriente se encargue de implementar las medidas que permitan superar la situaci\u00f3n de grave deficiencia del servicio el\u00e9ctrico mencionado.<\/span><\/p>\n<p><span style=\"color: #000000;\">Dicha entidad deber\u00e1 remitir a la referida cartera ministerial en los siguientes tres meses el cronograma y el expediente de las contrataciones de obras, servicios o bienes. Asimismo, cada semestre informar\u00e1 sobre el avance de la implementaci\u00f3n y ejecuci\u00f3n de las medidas adoptadas.<\/span><\/p>\n<p><span style=\"color: #000000;\">Esta declaraci\u00f3n de situaci\u00f3n de grave deficiencia deriva de una solicitud hecha en septiembre del 2025 por el Comit\u00e9 de Operaci\u00f3n Econ\u00f3mica del Sistema Interconectado Nacional para que se aplique dicha medida hasta 2027, tiempo estimado para que la nueva subestaci\u00f3n Picota entre en servicio.<\/span><\/p>\n<p><span style=\"color: #000000;\">La declaratoria permitir\u00e1 ejecutar medidas temporales para superar la falta de capacidad de transmisi\u00f3n en el sistema el\u00e9ctrico Bellavista-Juanju\u00ed. Asimismo, permitir\u00e1 desarrollar una soluci\u00f3n definitiva al problema suscitado.<\/span><\/p>\n","protected":false},"excerpt":{"rendered":"<p>Ministerio de Energ\u00eda y Minas emite medida que se prolongar\u00e1 hasta que est\u00e9 lista nueva subestaci\u00f3n Lima, 3 de marzo 2026 (ANDINA).- El servicio el\u00e9ctrico del sistema el\u00e9ctrico Bellavista-Juanju\u00ed, situado en el departamento de San Mart\u00edn, fue declarado en situaci\u00f3n de grave deficiencia por el Ministerio de Energ\u00eda y Minas (Minem). Esta disposici\u00f3n se dio [&hellip;]<\/p>\n","protected":false},"author":1,"featured_media":146992,"comment_status":"closed","ping_status":"closed","sticky":false,"template":"","format":"standard","meta":{"rop_custom_images_group":[],"rop_custom_messages_group":[],"rop_publish_now":"initial","rop_publish_now_accounts":[],"rop_publish_now_history":[],"rop_publish_now_status":"pending","footnotes":""},"categories":[10],"tags":[5202,322],"class_list":["post-146991","post","type-post","status-publish","format-standard","has-post-thumbnail","hentry","category-actualidad-municipal","tag-minem","tag-ministerio-de-energia-y-minas"],"_links":{"self":[{"href":"https:\/\/elinformanteperu.com\/index.php\/wp-json\/wp\/v2\/posts\/146991","targetHints":{"allow":["GET"]}}],"collection":[{"href":"https:\/\/elinformanteperu.com\/index.php\/wp-json\/wp\/v2\/posts"}],"about":[{"href":"https:\/\/elinformanteperu.com\/index.php\/wp-json\/wp\/v2\/types\/post"}],"author":[{"embeddable":true,"href":"https:\/\/elinformanteperu.com\/index.php\/wp-json\/wp\/v2\/users\/1"}],"replies":[{"embeddable":true,"href":"https:\/\/elinformanteperu.com\/index.php\/wp-json\/wp\/v2\/comments?post=146991"}],"version-history":[{"count":1,"href":"https:\/\/elinformanteperu.com\/index.php\/wp-json\/wp\/v2\/posts\/146991\/revisions"}],"predecessor-version":[{"id":146994,"href":"https:\/\/elinformanteperu.com\/index.php\/wp-json\/wp\/v2\/posts\/146991\/revisions\/146994"}],"wp:featuredmedia":[{"embeddable":true,"href":"https:\/\/elinformanteperu.com\/index.php\/wp-json\/wp\/v2\/media\/146992"}],"wp:attachment":[{"href":"https:\/\/elinformanteperu.com\/index.php\/wp-json\/wp\/v2\/media?parent=146991"}],"wp:term":[{"taxonomy":"category","embeddable":true,"href":"https:\/\/elinformanteperu.com\/index.php\/wp-json\/wp\/v2\/categories?post=146991"},{"taxonomy":"post_tag","embeddable":true,"href":"https:\/\/elinformanteperu.com\/index.php\/wp-json\/wp\/v2\/tags?post=146991"}],"curies":[{"name":"wp","href":"https:\/\/api.w.org\/{rel}","templated":true}]}}