{"id":146983,"date":"2026-03-03T23:30:21","date_gmt":"2026-03-04T04:30:21","guid":{"rendered":"https:\/\/elinformanteperu.com\/?p=146983"},"modified":"2026-03-03T23:30:21","modified_gmt":"2026-03-04T04:30:21","slug":"tecnico-carlo-ancelotti-asegura-que-brasil-hara-un-mundial-de-muy-alto-nivel","status":"publish","type":"post","link":"https:\/\/elinformanteperu.com\/index.php\/2026\/03\/03\/tecnico-carlo-ancelotti-asegura-que-brasil-hara-un-mundial-de-muy-alto-nivel\/","title":{"rendered":"T\u00e9cnico Carlo Ancelotti asegura que Brasil har\u00e1 un Mundial de \u00abmuy alto nivel\u00bb"},"content":{"rendered":"<p><strong><span style=\"color: #000000;\">El t\u00e9cnico dijo que lleg\u00f3 el momento de \u00abobservar\u00bb y \u00abevaluar\u00bb a los jugadores que llevar\u00e1 a la Copa del Mundo<\/span><\/strong><\/p>\n<p><span style=\"color: #000000;\"><strong>Brasilia, 3 de marzo 2026 (ANDINA).-<\/strong> El seleccionador de Brasil, Carlo Ancelotti, dijo estar convencido de que la Canarinha har\u00e1 un Mundial de \u00abmuy alto nivel\u00bb, cuando faltan 100 d\u00edas para el inicio de la gran cita de Estados Unidos, Canad\u00e1 y M\u00e9xico.<\/span><\/p>\n<p><span style=\"color: #000000;\">\u00abEs una gran motivaci\u00f3n y, al mismo tiempo, una gran responsabilidad hacerlo lo mejor posible. Estoy seguro de que vamos a hacer un Mundial de muy alto nivel\u00bb, afirm\u00f3 el t\u00e9cnico italiano en declaraciones divulgadas este martes por la Confederaci\u00f3n Brasile\u00f1a de F\u00fatbol (CBF).<\/span><\/p>\n<p><span style=\"color: #000000;\">&#8216;Carletto&#8217;, al frente de Brasil desde mayo pasado, inform\u00f3 que ya tienen todo listo en el apartado de \u00ablog\u00edstica y organizaci\u00f3n\u00bb, y que ahora es el momento de \u00abobservar\u00bb y \u00abevaluar\u00bb a los futbolistas, tanto los que est\u00e1n jugando, como los que \u00abse est\u00e1n recuperando de lesi\u00f3n\u00bb.<\/span><\/p>\n<p><span style=\"color: #000000;\">El extrenador de Real Madrid, Par\u00eds Saint-Germain y Bayern M\u00fanich tambi\u00e9n apost\u00f3, \u00abobviamente\u00bb, por jugar \u00abbien\u00bb en los dos partidos amistosos ante Francia y Croacia previstos para este mes en EE.UU., como parte del cronograma de preparaci\u00f3n para la Copa del Mundo.<\/span><\/p>\n<p><span style=\"color: #000000;\">\u00abEs una alegr\u00eda tener tiempo para preparar este importante evento para Brasil\u00bb, manifest\u00f3.<\/span><\/p>\n<p><span style=\"color: #000000;\">El combinado &#8216;verdeamarelo&#8217;, aunque no est\u00e1 en el grupo de favoritos, buscar\u00e1 su sexta estrella en el Mundial de Estados Unidos, Canad\u00e1 y M\u00e9xico, que se celebrar\u00e1 entre los meses de junio y julio.<\/span><\/p>\n<p><span style=\"color: #000000;\">La \u00fanica selecci\u00f3n del mundo con cinco estrellas (1958, 1962, 1970, 1994 y 2002) disputar\u00e1 en territorio estadounidense la primera fase del certamen.<\/span><\/p>\n<p><span style=\"color: #000000;\">Debutar\u00e1 en el Grupo C el 13 de junio frente a Marruecos, en Nueva Jersey, y luego se enfrentar\u00e1 con Hait\u00ed el 19 de junio en Filadelfia, y a Escocia, cinco d\u00edas despu\u00e9s, en Miami.<\/span><\/p>\n<p><a href=\"https:\/\/elinformanteperu.com\/wp-content\/uploads\/2025\/10\/japon-vs-brasil.webp\"><img fetchpriority=\"high\" decoding=\"async\" class=\"size-full wp-image-143448 aligncenter\" src=\"https:\/\/elinformanteperu.com\/wp-content\/uploads\/2025\/10\/japon-vs-brasil.webp\" alt=\"\" width=\"500\" height=\"333\" srcset=\"https:\/\/elinformanteperu.com\/wp-content\/uploads\/2025\/10\/japon-vs-brasil.webp 500w, https:\/\/elinformanteperu.com\/wp-content\/uploads\/2025\/10\/japon-vs-brasil-300x200.webp 300w\" sizes=\"(max-width: 500px) 100vw, 500px\" \/><\/a><\/p>\n","protected":false},"excerpt":{"rendered":"<p>El t\u00e9cnico dijo que lleg\u00f3 el momento de \u00abobservar\u00bb y \u00abevaluar\u00bb a los jugadores que llevar\u00e1 a la Copa del Mundo Brasilia, 3 de marzo 2026 (ANDINA).- El seleccionador de Brasil, Carlo Ancelotti, dijo estar convencido de que la Canarinha har\u00e1 un Mundial de \u00abmuy alto nivel\u00bb, cuando faltan 100 d\u00edas para el inicio de [&hellip;]<\/p>\n","protected":false},"author":1,"featured_media":146984,"comment_status":"closed","ping_status":"closed","sticky":false,"template":"","format":"standard","meta":{"rop_custom_images_group":[],"rop_custom_messages_group":[],"rop_publish_now":"initial","rop_publish_now_accounts":[],"rop_publish_now_history":[],"rop_publish_now_status":"pending","footnotes":""},"categories":[8],"tags":[87,5930,8508],"class_list":["post-146983","post","type-post","status-publish","format-standard","has-post-thumbnail","hentry","category-disciplinas-deportivas","tag-brasil","tag-carlo-ancelotti","tag-mundial-de-futbol-2026"],"_links":{"self":[{"href":"https:\/\/elinformanteperu.com\/index.php\/wp-json\/wp\/v2\/posts\/146983","targetHints":{"allow":["GET"]}}],"collection":[{"href":"https:\/\/elinformanteperu.com\/index.php\/wp-json\/wp\/v2\/posts"}],"about":[{"href":"https:\/\/elinformanteperu.com\/index.php\/wp-json\/wp\/v2\/types\/post"}],"author":[{"embeddable":true,"href":"https:\/\/elinformanteperu.com\/index.php\/wp-json\/wp\/v2\/users\/1"}],"replies":[{"embeddable":true,"href":"https:\/\/elinformanteperu.com\/index.php\/wp-json\/wp\/v2\/comments?post=146983"}],"version-history":[{"count":1,"href":"https:\/\/elinformanteperu.com\/index.php\/wp-json\/wp\/v2\/posts\/146983\/revisions"}],"predecessor-version":[{"id":146985,"href":"https:\/\/elinformanteperu.com\/index.php\/wp-json\/wp\/v2\/posts\/146983\/revisions\/146985"}],"wp:featuredmedia":[{"embeddable":true,"href":"https:\/\/elinformanteperu.com\/index.php\/wp-json\/wp\/v2\/media\/146984"}],"wp:attachment":[{"href":"https:\/\/elinformanteperu.com\/index.php\/wp-json\/wp\/v2\/media?parent=146983"}],"wp:term":[{"taxonomy":"category","embeddable":true,"href":"https:\/\/elinformanteperu.com\/index.php\/wp-json\/wp\/v2\/categories?post=146983"},{"taxonomy":"post_tag","embeddable":true,"href":"https:\/\/elinformanteperu.com\/index.php\/wp-json\/wp\/v2\/tags?post=146983"}],"curies":[{"name":"wp","href":"https:\/\/api.w.org\/{rel}","templated":true}]}}